{"id":41299,"date":"2026-01-16T12:09:50","date_gmt":"2026-01-16T11:09:50","guid":{"rendered":"https:\/\/www.saveurs-metiers.be\/?p=41299"},"modified":"2026-02-19T10:06:36","modified_gmt":"2026-02-19T09:06:36","slug":"croissant-tendances-viennoiserie","status":"publish","type":"post","link":"https:\/\/www.saveurs-metiers.be\/fr\/croissant-tendances-viennoiserie\/","title":{"rendered":"Le croissant, star mondiale, entre tradition et cr\u00e9ativit\u00e9"},"content":{"rendered":"\t\t<div data-elementor-type=\"wp-post\" data-elementor-id=\"41299\" class=\"elementor elementor-41299\" data-elementor-post-type=\"post\">\n\t\t\t\t<div class=\"elementor-element elementor-element-88f1787 e-flex e-con-boxed e-con e-parent\" data-id=\"88f1787\" data-element_type=\"container\">\n\t\t\t\t\t<div class=\"e-con-inner\">\n\t\t\t\t<div class=\"elementor-element elementor-element-9d27ead elementor-widget elementor-widget-text-editor\" data-id=\"9d27ead\" data-element_type=\"widget\" data-widget_type=\"text-editor.default\">\n\t\t\t\t<div class=\"elementor-widget-container\">\n\t\t\t\t\t\t\t\t\t<p>C\u2019est sans doute l\u2019une des viennoiseries les plus reconnaissables au monde. Dor\u00e9, feuillet\u00e9, croustillant, le croissant est la star incontest\u00e9e des petits-d\u00e9jeuners\u2026 au point de se voir consacrer une <strong>Journ\u00e9e mondiale, le 30 janvier<\/strong>.<\/p><p>Quelle est l\u2019histoire cette ic\u00f4ne de la boulangerie\u00a0? Et quelle est son actualit\u00e9, toujours tr\u00e8s vivante, entre traditions pr\u00e9serv\u00e9es et r\u00e9interpr\u00e9tations cr\u00e9atives\u00a0?<\/p>\t\t\t\t\t\t\t\t<\/div>\n\t\t\t\t<\/div>\n\t\t\t\t\t<\/div>\n\t\t\t\t<\/div>\n\t\t<div class=\"elementor-element elementor-element-e97690e e-flex e-con-boxed e-con e-parent\" data-id=\"e97690e\" data-element_type=\"container\">\n\t\t\t\t\t<div class=\"e-con-inner\">\n\t\t\t\t<div class=\"elementor-element elementor-element-a4f2229 elementor-widget elementor-widget-heading\" data-id=\"a4f2229\" data-element_type=\"widget\" data-widget_type=\"heading.default\">\n\t\t\t\t<div class=\"elementor-widget-container\">\n\t\t\t\t\t<h2 class=\"elementor-heading-title elementor-size-default\">Le croissant, moins fran\u00e7ais qu'on ne le pense...<\/h2>\t\t\t\t<\/div>\n\t\t\t\t<\/div>\n\t\t\t\t<div class=\"elementor-element elementor-element-ba7b7c0 elementor-widget elementor-widget-text-editor\" data-id=\"ba7b7c0\" data-element_type=\"widget\" data-widget_type=\"text-editor.default\">\n\t\t\t\t<div class=\"elementor-widget-container\">\n\t\t\t\t\t\t\t\t\t<p>S\u2019il est aujourd\u2019hui indissociable de la culture gastronomique fran\u00e7aise, le croissant trouve ses origines du c\u00f4t\u00e9 de l&rsquo;Autriche.<br \/>Il descend du <em>kipferl<\/em>, une viennoiserie en forme de croissant de lune, consomm\u00e9e d\u00e8s le 17e si\u00e8cle.\u00a0 Plus dense que le croissant moderne, souvent garni de noix ou de fruits secs, le kipferl se d\u00e9cline alors en plusieurs tailles et textures.<br \/>C\u2019est \u00e0 Paris que la recette \u00e9volue profond\u00e9ment, avec le d\u00e9veloppement de la p\u00e2te lev\u00e9e feuillet\u00e9e, combinaison subtile de fines couches de beurre et de p\u00e2te d\u00e9licatement repli\u00e9es les unes sur les autres.<br \/>La premi\u00e8re recette fran\u00e7aise officiellement document\u00e9e du croissant tel que nous le connaissons aujourd\u2019hui daterait de 1915, sous la plume d&rsquo;un boulanger nomm\u00e9 Sylvain Claudius Goy.<\/p><p>Depuis, la recette est pass\u00e9e \u00e0 la post\u00e9rit\u00e9 et ses principes restent immuables : \u00a0un feuilletage pr\u00e9cis, un beurre de qualit\u00e9, une cuisson ma\u00eetris\u00e9e sont les cl\u00e9s pour obtenir cette texture embl\u00e9matique, \u00e0 la fois croustillante et l\u00e9g\u00e8re.<\/p>\t\t\t\t\t\t\t\t<\/div>\n\t\t\t\t<\/div>\n\t\t\t\t\t<\/div>\n\t\t\t\t<\/div>\n\t\t<div class=\"elementor-element elementor-element-a765e78 e-flex e-con-boxed e-con e-parent\" data-id=\"a765e78\" data-element_type=\"container\">\n\t\t\t\t\t<div class=\"e-con-inner\">\n\t\t\t\t<div class=\"elementor-element elementor-element-8f16c5e elementor-widget elementor-widget-heading\" data-id=\"8f16c5e\" data-element_type=\"widget\" data-widget_type=\"heading.default\">\n\t\t\t\t<div class=\"elementor-widget-container\">\n\t\t\t\t\t<h2 class=\"elementor-heading-title elementor-size-default\">Un classique des classiques qui se laisse r\u00e9inventer<\/h2>\t\t\t\t<\/div>\n\t\t\t\t<\/div>\n\t\t\t\t<div class=\"elementor-element elementor-element-fa9e892 elementor-widget elementor-widget-text-editor\" data-id=\"fa9e892\" data-element_type=\"widget\" data-widget_type=\"text-editor.default\">\n\t\t\t\t<div class=\"elementor-widget-container\">\n\t\t\t\t\t\t\t\t\t<p>Symbole de tradition, le croissant n\u2019en est pas moins un formidable terrain de jeu pour les artisans les plus cr\u00e9atifs (certains diront audacieux, voire farfelus).<\/p><p>Sa popularit\u00e9 mondiale et l\u2019\u00e9volution des habitudes alimentaires l\u2019ont vu se d\u00e9cliner sous de nombreuses formes, parfois tr\u00e8s \u00e9loign\u00e9es de la recette d\u2019origine. Ces derni\u00e8res ann\u00e9es par exemple, on a vu appara\u00eetre des hybrides \u00ab\u00a0\u00e0 l&rsquo;am\u00e9ricaine\u00a0\u00bb, comme le cronut (croissant \u00d7 donut), le cruffin (croissant \u00d7 muffin) ou encore le crookie (croissant x p\u00e2te \u00e0 cookie).<\/p><p>Ces cr\u00e9ations, souvent port\u00e9es par la viralit\u00e9 des r\u00e9seaux sociaux, illustrent une double r\u00e9alit\u00e9 du m\u00e9tier de boulanger : la cr\u00e9ativit\u00e9\u00a0 des artisans, mais aussi la n\u00e9cessit\u00e9 de se d\u00e9marquer sur un march\u00e9 ultra-concurrentiel, largement influenc\u00e9 par les tendances\u2026 et les algorithmes des r\u00e9seaux sociaux.<br \/>Une chose est s\u00fbre : si ces effets de mode vont et viennent, le croissant pur beurre, bien ex\u00e9cut\u00e9, reste ind\u00e9tr\u00f4nable.<\/p>\t\t\t\t\t\t\t\t<\/div>\n\t\t\t\t<\/div>\n\t\t\t\t\t<\/div>\n\t\t\t\t<\/div>\n\t\t<div class=\"elementor-element elementor-element-834dcd3 e-flex e-con-boxed e-con e-parent\" data-id=\"834dcd3\" data-element_type=\"container\">\n\t\t\t\t\t<div class=\"e-con-inner\">\n\t\t<div class=\"elementor-element elementor-element-f29b471 e-con-full e-flex e-con e-child\" data-id=\"f29b471\" data-element_type=\"container\">\n\t\t\t\t<div class=\"elementor-element elementor-element-15973e8 elementor-widget elementor-widget-image\" data-id=\"15973e8\" data-element_type=\"widget\" data-widget_type=\"image.default\">\n\t\t\t\t<div class=\"elementor-widget-container\">\n\t\t\t\t\t\t\t\t\t\t\t\t\t\t\t<img fetchpriority=\"high\" decoding=\"async\" width=\"800\" height=\"600\" src=\"https:\/\/easyfairsassets.com\/sites\/194\/2026\/01\/Saveurs-metiers-namur-expo-2025-sebastien-roberty-120-1024x768.jpg\" class=\"attachment-large size-large wp-image-41306\" alt=\"\" srcset=\"https:\/\/easyfairsassets.com\/sites\/194\/2026\/01\/Saveurs-metiers-namur-expo-2025-sebastien-roberty-120-1024x768.jpg 1024w, https:\/\/easyfairsassets.com\/sites\/194\/2026\/01\/Saveurs-metiers-namur-expo-2025-sebastien-roberty-120-300x225.jpg 300w, https:\/\/easyfairsassets.com\/sites\/194\/2026\/01\/Saveurs-metiers-namur-expo-2025-sebastien-roberty-120-768x576.jpg 768w, https:\/\/easyfairsassets.com\/sites\/194\/2026\/01\/Saveurs-metiers-namur-expo-2025-sebastien-roberty-120-1536x1152.jpg 1536w, https:\/\/easyfairsassets.com\/sites\/194\/2026\/01\/Saveurs-metiers-namur-expo-2025-sebastien-roberty-120.jpg 1920w\" sizes=\"(max-width: 800px) 100vw, 800px\" \/>\t\t\t\t\t\t\t\t\t\t\t\t\t\t\t<\/div>\n\t\t\t\t<\/div>\n\t\t\t\t<\/div>\n\t\t<div class=\"elementor-element elementor-element-bf8d959 e-con-full e-flex e-con e-child\" data-id=\"bf8d959\" data-element_type=\"container\">\n\t\t\t\t<div class=\"elementor-element elementor-element-75a2143 elementor-widget elementor-widget-heading\" data-id=\"75a2143\" data-element_type=\"widget\" data-widget_type=\"heading.default\">\n\t\t\t\t<div class=\"elementor-widget-container\">\n\t\t\t\t\t<h2 class=\"elementor-heading-title elementor-size-default\">Le croissant : une vedette aussi \u00e0 Saveurs &amp; M\u00e9tiers !<\/h2>\t\t\t\t<\/div>\n\t\t\t\t<\/div>\n\t\t\t\t<div class=\"elementor-element elementor-element-20f8bfb elementor-widget elementor-widget-text-editor\" data-id=\"20f8bfb\" data-element_type=\"widget\" data-widget_type=\"text-editor.default\">\n\t\t\t\t<div class=\"elementor-widget-container\">\n\t\t\t\t\t\t\t\t\t<p>En tant que salon professionnel des m\u00e9tiers de bouche, Saveurs &amp; M\u00e9tiers ne pouvait que mettre \u00e0 l&rsquo;honneur ce produit d&rsquo;excellence qu&rsquo;est le croissant !<\/p><p>Depuis plusieurs \u00e9ditions, le salon accueille le Concours du Croissant d\u2019Or, organis\u00e9 par les Ambassadeurs du Pain de Belgique. Cette comp\u00e9tition voit de tr\u00e8s nombreux boulangers belges rivaliser de pr\u00e9cision et de ma\u00eetrise pour pr\u00e9senter leurs meilleurs croissants \u00e0 la d\u00e9gustation d&rsquo;un jury international. <br \/>\u00c0 la cl\u00e9 : un troph\u00e9e prestigieux, mais surtout la reconnaissance d\u2019un savoir-faire exigeant, o\u00f9 chaque d\u00e9tail compte.<\/p>\t\t\t\t\t\t\t\t<\/div>\n\t\t\t\t<\/div>\n\t\t\t\t<\/div>\n\t\t\t\t\t<\/div>\n\t\t\t\t<\/div>\n\t\t\t\t<section class=\"elementor-section elementor-top-section elementor-element elementor-element-3d48b323 elementor-section-boxed elementor-section-height-default elementor-section-height-default elementor-invisible\" data-id=\"3d48b323\" data-element_type=\"section\" data-settings=\"{&quot;background_background&quot;:&quot;classic&quot;,&quot;animation&quot;:&quot;headShake&quot;}\">\n\t\t\t\t\t\t<div class=\"elementor-container elementor-column-gap-default\">\n\t\t\t\t\t<div class=\"elementor-column elementor-col-100 elementor-top-column elementor-element elementor-element-56629758\" data-id=\"56629758\" data-element_type=\"column\">\n\t\t\t<div class=\"elementor-widget-wrap elementor-element-populated\">\n\t\t\t\t\t\t<div class=\"elementor-element elementor-element-1b795919 elementor-widget elementor-widget-text-editor\" data-id=\"1b795919\" data-element_type=\"widget\" data-widget_type=\"text-editor.default\">\n\t\t\t\t<div class=\"elementor-widget-container\">\n\t\t\t\t\t\t\t\t\t<h1>Plus d&rsquo;inspiration et d&rsquo;infos savoureuses d\u00e9di\u00e9es au food retail et aux m\u00e9tiers de bouche ?<\/h1>\t\t\t\t\t\t\t\t<\/div>\n\t\t\t\t<\/div>\n\t\t\t\t<div class=\"elementor-element elementor-element-5ac55627 elementor-align-center elementor-widget elementor-widget-button\" data-id=\"5ac55627\" data-element_type=\"widget\" data-widget_type=\"button.default\">\n\t\t\t\t<div class=\"elementor-widget-container\">\n\t\t\t\t\t\t\t\t\t<div class=\"elementor-button-wrapper\">\n\t\t\t\t\t<a class=\"elementor-button elementor-button-link elementor-size-md\" href=\"https:\/\/www.saveurs-metiers.be\/fr\/newsletter\/\">\n\t\t\t\t\t\t<span class=\"elementor-button-content-wrapper\">\n\t\t\t\t\t\t<span class=\"elementor-button-icon\">\n\t\t\t\t<svg aria-hidden=\"true\" class=\"e-font-icon-svg e-far-envelope-open\" viewBox=\"0 0 512 512\" xmlns=\"http:\/\/www.w3.org\/2000\/svg\"><path d=\"M494.586 164.516c-4.697-3.883-111.723-89.95-135.251-108.657C337.231 38.191 299.437 0 256 0c-43.205 0-80.636 37.717-103.335 55.859-24.463 19.45-131.07 105.195-135.15 108.549A48.004 48.004 0 0 0 0 201.485V464c0 26.51 21.49 48 48 48h416c26.51 0 48-21.49 48-48V201.509a48 48 0 0 0-17.414-36.993zM464 458a6 6 0 0 1-6 6H54a6 6 0 0 1-6-6V204.347c0-1.813.816-3.526 2.226-4.665 15.87-12.814 108.793-87.554 132.364-106.293C200.755 78.88 232.398 48 256 48c23.693 0 55.857 31.369 73.41 45.389 23.573 18.741 116.503 93.493 132.366 106.316a5.99 5.99 0 0 1 2.224 4.663V458zm-31.991-187.704c4.249 5.159 3.465 12.795-1.745 16.981-28.975 23.283-59.274 47.597-70.929 56.863C336.636 362.283 299.205 400 256 400c-43.452 0-81.287-38.237-103.335-55.86-11.279-8.967-41.744-33.413-70.927-56.865-5.21-4.187-5.993-11.822-1.745-16.981l15.258-18.528c4.178-5.073 11.657-5.843 16.779-1.726 28.618 23.001 58.566 47.035 70.56 56.571C200.143 320.631 232.307 352 256 352c23.602 0 55.246-30.88 73.41-45.389 11.994-9.535 41.944-33.57 70.563-56.568 5.122-4.116 12.601-3.346 16.778 1.727l15.258 18.526z\"><\/path><\/svg>\t\t\t<\/span>\n\t\t\t\t\t\t\t\t\t<span class=\"elementor-button-text\">Inscrivez-vous \u00e0 la newsletter Saveurs &amp; M\u00e9tiers<\/span>\n\t\t\t\t\t<\/span>\n\t\t\t\t\t<\/a>\n\t\t\t\t<\/div>\n\t\t\t\t\t\t\t\t<\/div>\n\t\t\t\t<\/div>\n\t\t\t\t\t<\/div>\n\t\t<\/div>\n\t\t\t\t\t<\/div>\n\t\t<\/section>\n\t\t\t\t<\/div>\n\t\t","protected":false},"excerpt":{"rendered":"<p>C\u2019est sans nul doute l\u2019une des viennoiseries les plus reconnaissables et d\u00e9gust\u00e9es au monde. Dor\u00e9, feuillet\u00e9, croustillant, le croissant est la star incontest\u00e9e des petits-d\u00e9jeuners\u2026 au point de se voir consacrer une <strong>Journ\u00e9e mondiale, le 30 janvier<\/strong>. Quelle est l&rsquo;histoire de cette ic\u00f4ne de la boulangerie et son actualit\u00e9 tr\u00e8s vivante, entre traditions pr\u00e9serv\u00e9es et r\u00e9interpr\u00e9tations cr\u00e9atives.<\/p>\n","protected":false},"author":179,"featured_media":41302,"comment_status":"closed","ping_status":"open","sticky":false,"template":"","format":"standard","meta":{"_seopress_robots_primary_cat":"none","_seopress_titles_title":"","_seopress_titles_desc":"","_seopress_robots_index":"","footnotes":""},"categories":[1],"tags":[],"edition":[],"class_list":["post-41299","post","type-post","status-publish","format-standard","has-post-thumbnail","hentry","category-non-classifiee"],"_links":{"self":[{"href":"https:\/\/www.saveurs-metiers.be\/fr\/wp-json\/wp\/v2\/posts\/41299","targetHints":{"allow":["GET"]}}],"collection":[{"href":"https:\/\/www.saveurs-metiers.be\/fr\/wp-json\/wp\/v2\/posts"}],"about":[{"href":"https:\/\/www.saveurs-metiers.be\/fr\/wp-json\/wp\/v2\/types\/post"}],"author":[{"embeddable":true,"href":"https:\/\/www.saveurs-metiers.be\/fr\/wp-json\/wp\/v2\/users\/179"}],"replies":[{"embeddable":true,"href":"https:\/\/www.saveurs-metiers.be\/fr\/wp-json\/wp\/v2\/comments?post=41299"}],"version-history":[{"count":5,"href":"https:\/\/www.saveurs-metiers.be\/fr\/wp-json\/wp\/v2\/posts\/41299\/revisions"}],"predecessor-version":[{"id":41347,"href":"https:\/\/www.saveurs-metiers.be\/fr\/wp-json\/wp\/v2\/posts\/41299\/revisions\/41347"}],"wp:featuredmedia":[{"embeddable":true,"href":"https:\/\/www.saveurs-metiers.be\/fr\/wp-json\/wp\/v2\/media\/41302"}],"wp:attachment":[{"href":"https:\/\/www.saveurs-metiers.be\/fr\/wp-json\/wp\/v2\/media?parent=41299"}],"wp:term":[{"taxonomy":"category","embeddable":true,"href":"https:\/\/www.saveurs-metiers.be\/fr\/wp-json\/wp\/v2\/categories?post=41299"},{"taxonomy":"post_tag","embeddable":true,"href":"https:\/\/www.saveurs-metiers.be\/fr\/wp-json\/wp\/v2\/tags?post=41299"},{"taxonomy":"edition","embeddable":true,"href":"https:\/\/www.saveurs-metiers.be\/fr\/wp-json\/wp\/v2\/edition?post=41299"}],"curies":[{"name":"wp","href":"https:\/\/api.w.org\/{rel}","templated":true}]}}