{"id":40598,"date":"2025-04-15T13:52:27","date_gmt":"2025-04-15T11:52:27","guid":{"rendered":"https:\/\/www.saveurs-metiers.be\/?p=40598"},"modified":"2025-04-15T15:49:17","modified_gmt":"2025-04-15T13:49:17","slug":"paques-dou-vient-la-tradition-doffrir-des-oeufs-a-paques","status":"publish","type":"post","link":"https:\/\/www.saveurs-metiers.be\/fr\/paques-dou-vient-la-tradition-doffrir-des-oeufs-a-paques\/","title":{"rendered":"P\u00e2ques : d\u2019o\u00f9 vient la tradition d\u2019offrir des \u0153ufs \u00e0 P\u00e2ques ?"},"content":{"rendered":"\t\t<div data-elementor-type=\"wp-post\" data-elementor-id=\"40598\" class=\"elementor elementor-40598\" data-elementor-post-type=\"post\">\n\t\t\t\t<div class=\"elementor-element elementor-element-11d8f1d e-flex e-con-boxed e-con e-parent\" data-id=\"11d8f1d\" data-element_type=\"container\">\n\t\t\t\t\t<div class=\"e-con-inner\">\n\t\t\t\t<div class=\"elementor-element elementor-element-fd0bee0 elementor-widget elementor-widget-text-editor\" data-id=\"fd0bee0\" data-element_type=\"widget\" data-widget_type=\"text-editor.default\">\n\t\t\t\t<div class=\"elementor-widget-container\">\n\t\t\t\t\t\t\t\t\t<p>\u00c0 l\u2019approche de P\u00e2ques, les chocolatiers se pr\u00e9parent \u00e0 r\u00e9galer petits et grands avec leurs cr\u00e9ations, et parmi les symboles incontournables de cette f\u00eate, l\u2019\u0153uf tient une place de choix. Offrir des \u0153ufs \u00e0 P\u00e2ques fait partie d\u2019une tradition qui remonte \u00e0 plusieurs si\u00e8cles. Mais d\u2019o\u00f9 vient cette coutume et pourquoi les \u0153ufs sont-ils associ\u00e9s \u00e0 cette c\u00e9l\u00e9bration chr\u00e9tienne ? Petit retour sur cette tradition festive et gourmande.<\/p><p>Au Moyen \u00c2ge, durant le car\u00eame, les gens \u00e9taient soumis \u00e0 diff\u00e9rentes restrictions alimentaires, et les \u0153ufs faisaient partie des interdits. Les poules, bien entendu, n\u2019en avaient que faire et continuaient \u00e0 pondre \u00e0 leur rythme habituel. Les \u0153ufs amass\u00e9s durant les 40 jours de Car\u00eame \u00e9taient ensuite peints, d\u00e9cor\u00e9s et offerts pour c\u00e9l\u00e9brer P\u00e2ques.<\/p><p>Au d\u00e9but du 17<sup>e<\/sup> si\u00e8cle et apr\u00e8s la d\u00e9couverte du Nouveau Monde, les premi\u00e8res f\u00e8ves de cacao sont introduites en Europe. Un si\u00e8cle plus tard, \u00e9merge l\u2019id\u00e9e d\u2019\u00e9vider les \u0153ufs de P\u00e2ques pour les remplir de chocolat.<\/p><p>Au 19<sup>e<\/sup> si\u00e8cle, avec l\u2019industrialisation, on met au point de nouvelles techniques permettant le moulage de la p\u00e2te de cacao. C\u2019est \u00e0 ce moment que naissent les \u0153ufs en chocolat, tels qu\u2019on les conna\u00eet aujourd\u2019hui. Devant le succ\u00e8s, les artisans chocolatiers redoublent de cr\u00e9ativit\u00e9 pour\u00a0fa\u00e7onner tout un univers en chocolat, incluant poules, lapins et cloches volantes.<\/p>\t\t\t\t\t\t\t\t<\/div>\n\t\t\t\t<\/div>\n\t\t\t\t\t<\/div>\n\t\t\t\t<\/div>\n\t\t\t\t<section class=\"elementor-section elementor-top-section elementor-element elementor-element-fede831 elementor-section-boxed elementor-section-height-default elementor-section-height-default elementor-invisible\" data-id=\"fede831\" data-element_type=\"section\" data-settings=\"{&quot;background_background&quot;:&quot;classic&quot;,&quot;animation&quot;:&quot;headShake&quot;}\">\n\t\t\t\t\t\t<div class=\"elementor-container elementor-column-gap-default\">\n\t\t\t\t\t<div class=\"elementor-column elementor-col-100 elementor-top-column elementor-element elementor-element-45f0c4c1\" data-id=\"45f0c4c1\" data-element_type=\"column\">\n\t\t\t<div class=\"elementor-widget-wrap elementor-element-populated\">\n\t\t\t\t\t\t<div class=\"elementor-element elementor-element-4f5a63ae elementor-widget elementor-widget-text-editor\" data-id=\"4f5a63ae\" data-element_type=\"widget\" data-widget_type=\"text-editor.default\">\n\t\t\t\t<div class=\"elementor-widget-container\">\n\t\t\t\t\t\t\t\t\t<h1>Plus d&rsquo;inspiration et d&rsquo;infos savoureuses d\u00e9di\u00e9es au food retail et aux m\u00e9tiers de bouche ?<\/h1>\t\t\t\t\t\t\t\t<\/div>\n\t\t\t\t<\/div>\n\t\t\t\t<div class=\"elementor-element elementor-element-d991413 elementor-align-center elementor-widget elementor-widget-button\" data-id=\"d991413\" data-element_type=\"widget\" data-widget_type=\"button.default\">\n\t\t\t\t<div class=\"elementor-widget-container\">\n\t\t\t\t\t\t\t\t\t<div class=\"elementor-button-wrapper\">\n\t\t\t\t\t<a class=\"elementor-button elementor-button-link elementor-size-md\" href=\"https:\/\/www.saveurs-metiers.be\/fr\/newsletter\/\">\n\t\t\t\t\t\t<span class=\"elementor-button-content-wrapper\">\n\t\t\t\t\t\t<span class=\"elementor-button-icon\">\n\t\t\t\t<svg aria-hidden=\"true\" class=\"e-font-icon-svg e-far-envelope-open\" viewBox=\"0 0 512 512\" xmlns=\"http:\/\/www.w3.org\/2000\/svg\"><path d=\"M494.586 164.516c-4.697-3.883-111.723-89.95-135.251-108.657C337.231 38.191 299.437 0 256 0c-43.205 0-80.636 37.717-103.335 55.859-24.463 19.45-131.07 105.195-135.15 108.549A48.004 48.004 0 0 0 0 201.485V464c0 26.51 21.49 48 48 48h416c26.51 0 48-21.49 48-48V201.509a48 48 0 0 0-17.414-36.993zM464 458a6 6 0 0 1-6 6H54a6 6 0 0 1-6-6V204.347c0-1.813.816-3.526 2.226-4.665 15.87-12.814 108.793-87.554 132.364-106.293C200.755 78.88 232.398 48 256 48c23.693 0 55.857 31.369 73.41 45.389 23.573 18.741 116.503 93.493 132.366 106.316a5.99 5.99 0 0 1 2.224 4.663V458zm-31.991-187.704c4.249 5.159 3.465 12.795-1.745 16.981-28.975 23.283-59.274 47.597-70.929 56.863C336.636 362.283 299.205 400 256 400c-43.452 0-81.287-38.237-103.335-55.86-11.279-8.967-41.744-33.413-70.927-56.865-5.21-4.187-5.993-11.822-1.745-16.981l15.258-18.528c4.178-5.073 11.657-5.843 16.779-1.726 28.618 23.001 58.566 47.035 70.56 56.571C200.143 320.631 232.307 352 256 352c23.602 0 55.246-30.88 73.41-45.389 11.994-9.535 41.944-33.57 70.563-56.568 5.122-4.116 12.601-3.346 16.778 1.727l15.258 18.526z\"><\/path><\/svg>\t\t\t<\/span>\n\t\t\t\t\t\t\t\t\t<span class=\"elementor-button-text\">Inscrivez-vous \u00e0 la newsletter Saveurs &amp; M\u00e9tiers<\/span>\n\t\t\t\t\t<\/span>\n\t\t\t\t\t<\/a>\n\t\t\t\t<\/div>\n\t\t\t\t\t\t\t\t<\/div>\n\t\t\t\t<\/div>\n\t\t\t\t\t<\/div>\n\t\t<\/div>\n\t\t\t\t\t<\/div>\n\t\t<\/section>\n\t\t\t\t<\/div>\n\t\t","protected":false},"excerpt":{"rendered":"<p>\u00c0 l\u2019approche de P\u00e2ques, les chocolatiers se pr\u00e9parent \u00e0 r\u00e9galer petits et grands avec leurs cr\u00e9ations, et parmi les symboles incontournables de cette f\u00eate, l\u2019\u0153uf tient une place de choix. Offrir des \u0153ufs \u00e0 P\u00e2ques fait partie d\u2019une tradition qui remonte \u00e0 plusieurs si\u00e8cles. Mais d\u2019o\u00f9 vient cette coutume et pourquoi les \u0153ufs sont-ils associ\u00e9s \u00e0 cette c\u00e9l\u00e9bration chr\u00e9tienne ? Petit retour sur cette tradition festive et gourmande.<\/p>\n","protected":false},"author":179,"featured_media":40601,"comment_status":"closed","ping_status":"open","sticky":false,"template":"","format":"standard","meta":{"_seopress_robots_primary_cat":"none","_seopress_titles_title":"","_seopress_titles_desc":"","_seopress_robots_index":"","footnotes":""},"categories":[1],"tags":[],"edition":[],"class_list":["post-40598","post","type-post","status-publish","format-standard","has-post-thumbnail","hentry","category-non-classifiee"],"_links":{"self":[{"href":"https:\/\/www.saveurs-metiers.be\/fr\/wp-json\/wp\/v2\/posts\/40598","targetHints":{"allow":["GET"]}}],"collection":[{"href":"https:\/\/www.saveurs-metiers.be\/fr\/wp-json\/wp\/v2\/posts"}],"about":[{"href":"https:\/\/www.saveurs-metiers.be\/fr\/wp-json\/wp\/v2\/types\/post"}],"author":[{"embeddable":true,"href":"https:\/\/www.saveurs-metiers.be\/fr\/wp-json\/wp\/v2\/users\/179"}],"replies":[{"embeddable":true,"href":"https:\/\/www.saveurs-metiers.be\/fr\/wp-json\/wp\/v2\/comments?post=40598"}],"version-history":[{"count":5,"href":"https:\/\/www.saveurs-metiers.be\/fr\/wp-json\/wp\/v2\/posts\/40598\/revisions"}],"predecessor-version":[{"id":40607,"href":"https:\/\/www.saveurs-metiers.be\/fr\/wp-json\/wp\/v2\/posts\/40598\/revisions\/40607"}],"wp:featuredmedia":[{"embeddable":true,"href":"https:\/\/www.saveurs-metiers.be\/fr\/wp-json\/wp\/v2\/media\/40601"}],"wp:attachment":[{"href":"https:\/\/www.saveurs-metiers.be\/fr\/wp-json\/wp\/v2\/media?parent=40598"}],"wp:term":[{"taxonomy":"category","embeddable":true,"href":"https:\/\/www.saveurs-metiers.be\/fr\/wp-json\/wp\/v2\/categories?post=40598"},{"taxonomy":"post_tag","embeddable":true,"href":"https:\/\/www.saveurs-metiers.be\/fr\/wp-json\/wp\/v2\/tags?post=40598"},{"taxonomy":"edition","embeddable":true,"href":"https:\/\/www.saveurs-metiers.be\/fr\/wp-json\/wp\/v2\/edition?post=40598"}],"curies":[{"name":"wp","href":"https:\/\/api.w.org\/{rel}","templated":true}]}}