{"id":39811,"date":"2025-02-04T14:33:12","date_gmt":"2025-02-04T13:33:12","guid":{"rendered":"https:\/\/www.saveurs-metiers.be\/?p=39811"},"modified":"2025-02-04T14:33:41","modified_gmt":"2025-02-04T13:33:41","slug":"les-croissants-dor-2025-ont-ete-decernes","status":"publish","type":"post","link":"https:\/\/www.saveurs-metiers.be\/fr\/les-croissants-dor-2025-ont-ete-decernes\/","title":{"rendered":"Les Croissants d&rsquo;Or 2025 ont \u00e9t\u00e9 d\u00e9cern\u00e9s !"},"content":{"rendered":"\t\t<div data-elementor-type=\"wp-post\" data-elementor-id=\"39811\" class=\"elementor elementor-39811\" data-elementor-post-type=\"post\">\n\t\t\t\t<div class=\"elementor-element elementor-element-67c2a24 e-flex e-con-boxed e-con e-parent\" data-id=\"67c2a24\" data-element_type=\"container\">\n\t\t\t\t\t<div class=\"e-con-inner\">\n\t\t\t\t<div class=\"elementor-element elementor-element-41eb7fa elementor-widget elementor-widget-text-editor\" data-id=\"41eb7fa\" data-element_type=\"widget\" data-widget_type=\"text-editor.default\">\n\t\t\t\t<div class=\"elementor-widget-container\">\n\t\t\t\t\t\t\t\t\t<p>Saveurs &amp; M\u00e9tiers accueillait, ce lundi 3 f\u00e9vrier 2025, la 3e \u00e9dition du concours des Croissants d\u2019or <strong>organis\u00e9e par Les Ambassadeurs du Pain de Belgique<\/strong>. <br \/>Pr\u00e8s d\u2019une centaine de boulangers et apprentis boulangers \u00e9taient candidats et avaient, pour l\u2019occasion, confectionn\u00e9 leurs meilleurs croissants afin qu\u2019ils soient d\u00e9gust\u00e9s par un jury d\u2019envergure internationale !<\/p>\t\t\t\t\t\t\t\t<\/div>\n\t\t\t\t<\/div>\n\t\t\t\t\t<\/div>\n\t\t\t\t<\/div>\n\t\t<div class=\"elementor-element elementor-element-e7c9508 e-flex e-con-boxed e-con e-parent\" data-id=\"e7c9508\" data-element_type=\"container\">\n\t\t\t\t\t<div class=\"e-con-inner\">\n\t\t\t\t<div class=\"elementor-element elementor-element-05e3280 elementor-widget elementor-widget-heading\" data-id=\"05e3280\" data-element_type=\"widget\" data-widget_type=\"heading.default\">\n\t\t\t\t<div class=\"elementor-widget-container\">\n\t\t\t\t\t<h2 class=\"elementor-heading-title elementor-size-default\">D\u00e9couvrez les laur\u00e9ats des Croissants d'Or 2025 !<\/h2>\t\t\t\t<\/div>\n\t\t\t\t<\/div>\n\t\t\t\t<div class=\"elementor-element elementor-element-97b21fd elementor-widget elementor-widget-image\" data-id=\"97b21fd\" data-element_type=\"widget\" data-widget_type=\"image.default\">\n\t\t\t\t<div class=\"elementor-widget-container\">\n\t\t\t\t\t\t\t\t\t\t\t\t\t\t\t<img fetchpriority=\"high\" decoding=\"async\" width=\"800\" height=\"534\" src=\"https:\/\/easyfairsassets.com\/sites\/194\/2025\/02\/Saveurs-metiers-namur-expo-2025-sebastien-roberty-212-1024x683.jpg\" class=\"attachment-large size-large wp-image-39819\" alt=\"\" srcset=\"https:\/\/easyfairsassets.com\/sites\/194\/2025\/02\/Saveurs-metiers-namur-expo-2025-sebastien-roberty-212-1024x683.jpg 1024w, https:\/\/easyfairsassets.com\/sites\/194\/2025\/02\/Saveurs-metiers-namur-expo-2025-sebastien-roberty-212-300x200.jpg 300w, https:\/\/easyfairsassets.com\/sites\/194\/2025\/02\/Saveurs-metiers-namur-expo-2025-sebastien-roberty-212-768x512.jpg 768w, https:\/\/easyfairsassets.com\/sites\/194\/2025\/02\/Saveurs-metiers-namur-expo-2025-sebastien-roberty-212-1536x1024.jpg 1536w, https:\/\/easyfairsassets.com\/sites\/194\/2025\/02\/Saveurs-metiers-namur-expo-2025-sebastien-roberty-212.jpg 1920w\" sizes=\"(max-width: 800px) 100vw, 800px\" \/>\t\t\t\t\t\t\t\t\t\t\t\t\t\t\t<\/div>\n\t\t\t\t<\/div>\n\t\t\t\t<div class=\"elementor-element elementor-element-6b481cc elementor-widget elementor-widget-text-editor\" data-id=\"6b481cc\" data-element_type=\"widget\" data-widget_type=\"text-editor.default\">\n\t\t\t\t<div class=\"elementor-widget-container\">\n\t\t\t\t\t\t\t\t\t<p>Bravo \u00e0 : Yannick Conrad ; Maxence Spoo ; Lo\u00efc Dos Santos (Boulangerie Levain) ; Abd-I-Malik Feraaouni ; Virginie Genicot ; Sylvain Delille ; Kevin Struys (Bakkerij Het Brood) ; Damian Cassimon, (Merveilles au levain &#8211; Cassimon &amp; fils) ; Pascal Taveirne, Bakkerij Pascal ; Elena D&rsquo;Arras, Les amis de Gryzon ; Pol Verkest ; Charlotte Aversa (Elisabetta Spizzo Zucchero pasticceria) ; Benjamin Lambert ; Melissa Lietaert ; RG Creations ; Boulangerie Pihart ; Romain Fiume ; Boogaerts<\/p>\t\t\t\t\t\t\t\t<\/div>\n\t\t\t\t<\/div>\n\t\t\t\t\t<\/div>\n\t\t\t\t<\/div>\n\t\t<div class=\"elementor-element elementor-element-c032c0c e-flex e-con-boxed e-con e-parent\" data-id=\"c032c0c\" data-element_type=\"container\">\n\t\t\t\t\t<div class=\"e-con-inner\">\n\t\t\t\t<div class=\"elementor-element elementor-element-08009e6 elementor-widget elementor-widget-heading\" data-id=\"08009e6\" data-element_type=\"widget\" data-widget_type=\"heading.default\">\n\t\t\t\t<div class=\"elementor-widget-container\">\n\t\t\t\t\t<h2 class=\"elementor-heading-title elementor-size-default\">Pour cette 3e \u00e9dition : deux prix sp\u00e9ciaux !<\/h2>\t\t\t\t<\/div>\n\t\t\t\t<\/div>\n\t\t\t\t\t<\/div>\n\t\t\t\t<\/div>\n\t\t<div class=\"elementor-element elementor-element-a540f4a e-flex e-con-boxed e-con e-parent\" data-id=\"a540f4a\" data-element_type=\"container\">\n\t\t\t\t\t<div class=\"e-con-inner\">\n\t\t<div class=\"elementor-element elementor-element-3dc7998 e-con-full e-flex e-con e-child\" data-id=\"3dc7998\" data-element_type=\"container\">\n\t\t\t\t<div class=\"elementor-element elementor-element-bcb8772 elementor-widget elementor-widget-image\" data-id=\"bcb8772\" data-element_type=\"widget\" data-widget_type=\"image.default\">\n\t\t\t\t<div class=\"elementor-widget-container\">\n\t\t\t\t\t\t\t\t\t\t\t\t\t\t\t<img decoding=\"async\" width=\"768\" height=\"1024\" src=\"https:\/\/easyfairsassets.com\/sites\/194\/2025\/02\/Saveurs-metiers-namur-expo-2025-sebastien-roberty-216-768x1024.jpg\" class=\"attachment-large size-large wp-image-39824\" alt=\"\" srcset=\"https:\/\/easyfairsassets.com\/sites\/194\/2025\/02\/Saveurs-metiers-namur-expo-2025-sebastien-roberty-216-768x1024.jpg 768w, https:\/\/easyfairsassets.com\/sites\/194\/2025\/02\/Saveurs-metiers-namur-expo-2025-sebastien-roberty-216-225x300.jpg 225w, https:\/\/easyfairsassets.com\/sites\/194\/2025\/02\/Saveurs-metiers-namur-expo-2025-sebastien-roberty-216-1152x1536.jpg 1152w, https:\/\/easyfairsassets.com\/sites\/194\/2025\/02\/Saveurs-metiers-namur-expo-2025-sebastien-roberty-216.jpg 1440w\" sizes=\"(max-width: 768px) 100vw, 768px\" \/>\t\t\t\t\t\t\t\t\t\t\t\t\t\t\t<\/div>\n\t\t\t\t<\/div>\n\t\t\t\t<\/div>\n\t\t<div class=\"elementor-element elementor-element-04014d3 e-con-full e-flex e-con e-child\" data-id=\"04014d3\" data-element_type=\"container\">\n\t\t\t\t<div class=\"elementor-element elementor-element-b738e3f elementor-widget elementor-widget-text-editor\" data-id=\"b738e3f\" data-element_type=\"widget\" data-widget_type=\"text-editor.default\">\n\t\t\t\t<div class=\"elementor-widget-container\">\n\t\t\t\t\t\t\t\t\t<p>En outre, <strong>deux boulangeries laur\u00e9ates d\u2019un Croissant d\u2019Or depuis 3 ann\u00e9es cons\u00e9cutives<\/strong> se sont vu d\u00e9cerner un troph\u00e9e tricolore in\u00e9dit : f\u00e9licitations \u00e0 Patrick Vranckx (Boulangerie Vranckx \u2013 Vranckx-Vause srl) et Thomas Neirynck (P\u00e2tisserie Neyrynck).<\/p>\t\t\t\t\t\t\t\t<\/div>\n\t\t\t\t<\/div>\n\t\t\t\t<\/div>\n\t\t\t\t\t<\/div>\n\t\t\t\t<\/div>\n\t\t<div class=\"elementor-element elementor-element-c67f2fe e-flex e-con-boxed e-con e-parent\" data-id=\"c67f2fe\" data-element_type=\"container\">\n\t\t\t\t\t<div class=\"e-con-inner\">\n\t\t\t\t<div class=\"elementor-element elementor-element-fb3f0b7 elementor-widget elementor-widget-heading\" data-id=\"fb3f0b7\" data-element_type=\"widget\" data-widget_type=\"heading.default\">\n\t\t\t\t<div class=\"elementor-widget-container\">\n\t\t\t\t\t<h2 class=\"elementor-heading-title elementor-size-default\">Un jury de haut vol<\/h2>\t\t\t\t<\/div>\n\t\t\t\t<\/div>\n\t\t\t\t<div class=\"elementor-element elementor-element-546dd79 elementor-widget elementor-widget-text-editor\" data-id=\"546dd79\" data-element_type=\"widget\" data-widget_type=\"text-editor.default\">\n\t\t\t\t<div class=\"elementor-widget-container\">\n\t\t\t\t\t\t\t\t\t<p>Les Croissants d\u2019Or 2025 ont \u00e9t\u00e9 d\u00e9cern\u00e9s par un jury international compos\u00e9 de :<\/p><ul><li>Rony Parijs, chef boulanger-p\u00e2tissier (Belgique)<\/li><li>St\u00e9phane Vandersteen, Technical Advisor Bakery Belux, Puratos Group<\/li><li>Vincent Fogaroli, International Technical Advisor Bakery, Puratos Group<\/li><li>Alexandre Laumain, Meilleur Ouvrier de France et Champion du Monde 2023 au Best of du Mondial du Pain (France)<\/li><li>Cyril Gaudin, chef boulanger-p\u00e2tissier (Cor\u00e9e)<\/li><li>S\u00e9bastien Lagrue, chef boulanger-p\u00e2tissier et Champion du Monde de la Chocolatine (France)<\/li><li>Marie-Ange Mafa, enseignante et experte boulangerie \u00e0 l\u2019IFAPME<\/li><\/ul>\t\t\t\t\t\t\t\t<\/div>\n\t\t\t\t<\/div>\n\t\t\t\t\t<\/div>\n\t\t\t\t<\/div>\n\t\t\t\t<section class=\"elementor-section elementor-top-section elementor-element elementor-element-5d8125a6 elementor-section-boxed elementor-section-height-default elementor-section-height-default elementor-invisible\" data-id=\"5d8125a6\" data-element_type=\"section\" data-settings=\"{&quot;background_background&quot;:&quot;classic&quot;,&quot;animation&quot;:&quot;headShake&quot;}\">\n\t\t\t\t\t\t<div class=\"elementor-container elementor-column-gap-default\">\n\t\t\t\t\t<div class=\"elementor-column elementor-col-100 elementor-top-column elementor-element elementor-element-38716b64\" data-id=\"38716b64\" data-element_type=\"column\">\n\t\t\t<div class=\"elementor-widget-wrap elementor-element-populated\">\n\t\t\t\t\t\t<div class=\"elementor-element elementor-element-470f4527 elementor-widget elementor-widget-text-editor\" data-id=\"470f4527\" data-element_type=\"widget\" data-widget_type=\"text-editor.default\">\n\t\t\t\t<div class=\"elementor-widget-container\">\n\t\t\t\t\t\t\t\t\t<h1>Plus d&rsquo;inspiration et d&rsquo;infos savoureuses d\u00e9di\u00e9es au food retail et aux m\u00e9tiers de bouche ?<\/h1>\t\t\t\t\t\t\t\t<\/div>\n\t\t\t\t<\/div>\n\t\t\t\t<div class=\"elementor-element elementor-element-39ef86e5 elementor-align-center elementor-widget elementor-widget-button\" data-id=\"39ef86e5\" data-element_type=\"widget\" data-widget_type=\"button.default\">\n\t\t\t\t<div class=\"elementor-widget-container\">\n\t\t\t\t\t\t\t\t\t<div class=\"elementor-button-wrapper\">\n\t\t\t\t\t<a class=\"elementor-button elementor-button-link elementor-size-md\" href=\"https:\/\/www.saveurs-metiers.be\/fr\/newsletter\/\">\n\t\t\t\t\t\t<span class=\"elementor-button-content-wrapper\">\n\t\t\t\t\t\t<span class=\"elementor-button-icon\">\n\t\t\t\t<svg aria-hidden=\"true\" class=\"e-font-icon-svg e-far-envelope-open\" viewBox=\"0 0 512 512\" xmlns=\"http:\/\/www.w3.org\/2000\/svg\"><path d=\"M494.586 164.516c-4.697-3.883-111.723-89.95-135.251-108.657C337.231 38.191 299.437 0 256 0c-43.205 0-80.636 37.717-103.335 55.859-24.463 19.45-131.07 105.195-135.15 108.549A48.004 48.004 0 0 0 0 201.485V464c0 26.51 21.49 48 48 48h416c26.51 0 48-21.49 48-48V201.509a48 48 0 0 0-17.414-36.993zM464 458a6 6 0 0 1-6 6H54a6 6 0 0 1-6-6V204.347c0-1.813.816-3.526 2.226-4.665 15.87-12.814 108.793-87.554 132.364-106.293C200.755 78.88 232.398 48 256 48c23.693 0 55.857 31.369 73.41 45.389 23.573 18.741 116.503 93.493 132.366 106.316a5.99 5.99 0 0 1 2.224 4.663V458zm-31.991-187.704c4.249 5.159 3.465 12.795-1.745 16.981-28.975 23.283-59.274 47.597-70.929 56.863C336.636 362.283 299.205 400 256 400c-43.452 0-81.287-38.237-103.335-55.86-11.279-8.967-41.744-33.413-70.927-56.865-5.21-4.187-5.993-11.822-1.745-16.981l15.258-18.528c4.178-5.073 11.657-5.843 16.779-1.726 28.618 23.001 58.566 47.035 70.56 56.571C200.143 320.631 232.307 352 256 352c23.602 0 55.246-30.88 73.41-45.389 11.994-9.535 41.944-33.57 70.563-56.568 5.122-4.116 12.601-3.346 16.778 1.727l15.258 18.526z\"><\/path><\/svg>\t\t\t<\/span>\n\t\t\t\t\t\t\t\t\t<span class=\"elementor-button-text\">Inscrivez-vous \u00e0 la newsletter Saveurs &amp; M\u00e9tiers<\/span>\n\t\t\t\t\t<\/span>\n\t\t\t\t\t<\/a>\n\t\t\t\t<\/div>\n\t\t\t\t\t\t\t\t<\/div>\n\t\t\t\t<\/div>\n\t\t\t\t\t<\/div>\n\t\t<\/div>\n\t\t\t\t\t<\/div>\n\t\t<\/section>\n\t\t\t\t<\/div>\n\t\t","protected":false},"excerpt":{"rendered":"<p>Saveurs &amp; M\u00e9tiers accueillait, ce lundi 3 f\u00e9vrier 2025, la 3e \u00e9dition du concours des Croissants d\u2019or organis\u00e9e par Les Ambassadeurs du Pain de Belgique. Pr\u00e8s d\u2019une centaine de boulangers et apprentis boulangers \u00e9taient candidats et avaient, pour l\u2019occasion, confectionn\u00e9 leurs meilleurs croissants afin qu\u2019ils soient d\u00e9gust\u00e9s par un jury d\u2019envergure internationale !<\/p>\n","protected":false},"author":179,"featured_media":39814,"comment_status":"closed","ping_status":"open","sticky":false,"template":"","format":"standard","meta":{"_seopress_robots_primary_cat":"none","_seopress_titles_title":"","_seopress_titles_desc":"","_seopress_robots_index":"","footnotes":""},"categories":[1],"tags":[],"edition":[],"class_list":["post-39811","post","type-post","status-publish","format-standard","has-post-thumbnail","hentry","category-non-classifiee"],"_links":{"self":[{"href":"https:\/\/www.saveurs-metiers.be\/fr\/wp-json\/wp\/v2\/posts\/39811","targetHints":{"allow":["GET"]}}],"collection":[{"href":"https:\/\/www.saveurs-metiers.be\/fr\/wp-json\/wp\/v2\/posts"}],"about":[{"href":"https:\/\/www.saveurs-metiers.be\/fr\/wp-json\/wp\/v2\/types\/post"}],"author":[{"embeddable":true,"href":"https:\/\/www.saveurs-metiers.be\/fr\/wp-json\/wp\/v2\/users\/179"}],"replies":[{"embeddable":true,"href":"https:\/\/www.saveurs-metiers.be\/fr\/wp-json\/wp\/v2\/comments?post=39811"}],"version-history":[{"count":5,"href":"https:\/\/www.saveurs-metiers.be\/fr\/wp-json\/wp\/v2\/posts\/39811\/revisions"}],"predecessor-version":[{"id":39828,"href":"https:\/\/www.saveurs-metiers.be\/fr\/wp-json\/wp\/v2\/posts\/39811\/revisions\/39828"}],"wp:featuredmedia":[{"embeddable":true,"href":"https:\/\/www.saveurs-metiers.be\/fr\/wp-json\/wp\/v2\/media\/39814"}],"wp:attachment":[{"href":"https:\/\/www.saveurs-metiers.be\/fr\/wp-json\/wp\/v2\/media?parent=39811"}],"wp:term":[{"taxonomy":"category","embeddable":true,"href":"https:\/\/www.saveurs-metiers.be\/fr\/wp-json\/wp\/v2\/categories?post=39811"},{"taxonomy":"post_tag","embeddable":true,"href":"https:\/\/www.saveurs-metiers.be\/fr\/wp-json\/wp\/v2\/tags?post=39811"},{"taxonomy":"edition","embeddable":true,"href":"https:\/\/www.saveurs-metiers.be\/fr\/wp-json\/wp\/v2\/edition?post=39811"}],"curies":[{"name":"wp","href":"https:\/\/api.w.org\/{rel}","templated":true}]}}