{"id":37843,"date":"2025-01-10T12:53:03","date_gmt":"2025-01-10T11:53:03","guid":{"rendered":"https:\/\/www.saveurs-metiers.be\/?p=37843"},"modified":"2025-01-14T14:07:51","modified_gmt":"2025-01-14T13:07:51","slug":"le-fromage-star-de-lhiver-tendances-et-astuces-pour-dynamiser-vos-rayons-et-comptoirs","status":"publish","type":"post","link":"https:\/\/www.saveurs-metiers.be\/fr\/le-fromage-star-de-lhiver-tendances-et-astuces-pour-dynamiser-vos-rayons-et-comptoirs\/","title":{"rendered":"Le fromage, star de l\u2019hiver : tendances et astuces pour dynamiser vos rayons et comptoirs"},"content":{"rendered":"\t\t<div data-elementor-type=\"wp-post\" data-elementor-id=\"37843\" class=\"elementor elementor-37843\" data-elementor-post-type=\"post\">\n\t\t\t\t<div class=\"elementor-element elementor-element-3f5b686 e-flex e-con-boxed e-con e-parent\" data-id=\"3f5b686\" data-element_type=\"container\">\n\t\t\t\t\t<div class=\"e-con-inner\">\n\t\t\t\t<div class=\"elementor-element elementor-element-76ddfc8 elementor-widget elementor-widget-text-editor\" data-id=\"76ddfc8\" data-element_type=\"widget\" data-widget_type=\"text-editor.default\">\n\t\t\t\t<div class=\"elementor-widget-container\">\n\t\t\t\t\t\t\t\t\t<p>Plats r\u00e9confortants, retrouvailles conviviales en famille ou entre amis : en hiver, le fromage a particuli\u00e8rement la cote ! La consommation de fromage augmenterait d\u2019ailleurs d\u2019environ 30 % en moyenne pendant cette p\u00e9riode, notamment gr\u00e2ce \u00e0 des menus embl\u00e9matiques comme la raclette et la fondue. C\u2019est donc plus que jamais le moment de mettre le fromage \u00e0 l\u2019honneur dans votre magasin ! Mais quels produits fromagers s\u00e9duiront le plus vos clients ? Et comment mettre en valeur vos rayons et comptoirs \u00ab\u00a0fromages\u00a0\u00bb ? Voici quelques pistes et suggestions.\u00a0<\/p>\t\t\t\t\t\t\t\t<\/div>\n\t\t\t\t<\/div>\n\t\t\t\t\t<\/div>\n\t\t\t\t<\/div>\n\t\t<div class=\"elementor-element elementor-element-6deda3c e-flex e-con-boxed e-con e-parent\" data-id=\"6deda3c\" data-element_type=\"container\">\n\t\t\t\t\t<div class=\"e-con-inner\">\n\t\t\t\t<div class=\"elementor-element elementor-element-422283a elementor-widget elementor-widget-heading\" data-id=\"422283a\" data-element_type=\"widget\" data-widget_type=\"heading.default\">\n\t\t\t\t<div class=\"elementor-widget-container\">\n\t\t\t\t\t<h3 class=\"elementor-heading-title elementor-size-default\">Les fromages classiques et authentiques, encore et toujours ! <\/h3>\t\t\t\t<\/div>\n\t\t\t\t<\/div>\n\t\t\t\t<div class=\"elementor-element elementor-element-eeb4743 elementor-widget elementor-widget-text-editor\" data-id=\"eeb4743\" data-element_type=\"widget\" data-widget_type=\"text-editor.default\">\n\t\t\t\t<div class=\"elementor-widget-container\">\n\t\t\t\t\t\t\t\t\t<p>Les incontournables de l\u2019hiver, comme le reblochon, le comt\u00e9 ou encore le bleu, sont toujours des valeurs s\u00fbres. Toutefois, les consommateurs aiment trouver en rayon des formats innovants (notamment des portions individuelles pour des repas en solo ou duo) ou des saveurs originales qui viendront rehausser les recettes traditionnelles (les fromages \u00e0 p\u00e2te press\u00e9e affin\u00e9s avec des herbes ou des \u00e9pices, par exemple).<\/p><p>Pour les fromages, comme pour bien d\u2019autres produits aujourd\u2019hui, <strong>l\u2019authenticit\u00e9 reste un crit\u00e8re de choix cl\u00e9<\/strong> ! N\u2019h\u00e9sitez pas \u00e0 mettre clairement en avant l\u2019origine de vos fromages ainsi que leurs proc\u00e9d\u00e9s de fabrication fid\u00e8les \u00e0 la tradition artisanale. <br \/>Bien que \u00ab clich\u00e9s \u00bb, certaines petits sc\u00e9nographies (montagnes, p\u00e2turages\u2026) et accessoires (plateaux en bois, nappes \u00e0 carreaux\u2026) peuvent aider \u00e0 v\u00e9hiculer ces id\u00e9es d\u2019authenticit\u00e9, de r\u00e9confort et de tradition associ\u00e9es aux fromages.<\/p>\t\t\t\t\t\t\t\t<\/div>\n\t\t\t\t<\/div>\n\t\t\t\t\t<\/div>\n\t\t\t\t<\/div>\n\t\t<div class=\"elementor-element elementor-element-28c0510 e-flex e-con-boxed e-con e-parent\" data-id=\"28c0510\" data-element_type=\"container\">\n\t\t\t\t\t<div class=\"e-con-inner\">\n\t\t\t\t<div class=\"elementor-element elementor-element-53fff07 elementor-widget elementor-widget-heading\" data-id=\"53fff07\" data-element_type=\"widget\" data-widget_type=\"heading.default\">\n\t\t\t\t<div class=\"elementor-widget-container\">\n\t\t\t\t\t<h3 class=\"elementor-heading-title elementor-size-default\">Les fromages pr\u00eats \u00e0 chauffer : vedettes de saison !<\/h3>\t\t\t\t<\/div>\n\t\t\t\t<\/div>\n\t\t\t\t<div class=\"elementor-element elementor-element-8315b9f elementor-widget elementor-widget-text-editor\" data-id=\"8315b9f\" data-element_type=\"widget\" data-widget_type=\"text-editor.default\">\n\t\t\t\t<div class=\"elementor-widget-container\">\n\t\t\t\t\t\t\t\t\t<p>La raclette, la fondue et le Mont d\u2019Or sont les produits phares de la saison. <br>Le march\u00e9 \u00e9volue de plus en plus vers des formats pr\u00eats \u00e0 l\u2019emploi pour simplifier la pr\u00e9paration. Ainsi, les plateaux combin\u00e9s (fromage, charcuterie et autres accompagnements) ont particuli\u00e8rement la cote !<\/p>\t\t\t\t\t\t\t\t<\/div>\n\t\t\t\t<\/div>\n\t\t\t\t\t<\/div>\n\t\t\t\t<\/div>\n\t\t<div class=\"elementor-element elementor-element-2cb99d5 e-flex e-con-boxed e-con e-parent\" data-id=\"2cb99d5\" data-element_type=\"container\">\n\t\t\t\t\t<div class=\"e-con-inner\">\n\t\t\t\t<div class=\"elementor-element elementor-element-17684c7 elementor-widget elementor-widget-heading\" data-id=\"17684c7\" data-element_type=\"widget\" data-widget_type=\"heading.default\">\n\t\t\t\t<div class=\"elementor-widget-container\">\n\t\t\t\t\t<h3 class=\"elementor-heading-title elementor-size-default\">Le bio, le local et les alternatives v\u00e9g\u00e9tales<\/h3>\t\t\t\t<\/div>\n\t\t\t\t<\/div>\n\t\t\t\t<div class=\"elementor-element elementor-element-0bb0166 elementor-widget elementor-widget-text-editor\" data-id=\"0bb0166\" data-element_type=\"widget\" data-widget_type=\"text-editor.default\">\n\t\t\t\t<div class=\"elementor-widget-container\">\n\t\t\t\t\t\t\t\t\t<p>Ces tendances de fond se manifestent aussi dans la consommation de fromages. Les fromages bio, issus du circuit court et\/ou d\u2019\u00e9levages respectueux du bien-\u00eatre animal connaissent un essor, tout comme les alternatives v\u00e9g\u00e9tales. Les fromages \u00e0 base de noix de cajou, par exemple, s\u00e9duisent les clients vegan ou intol\u00e9rants au lactose.<br \/>R\u00e9pondez \u00e0 ces nouvelles attentes en faisant une place \u00e0 ces produits dans votre assortiment, pourquoi pas en leur consacrant un petit espace d\u00e9di\u00e9 ? <\/p>\t\t\t\t\t\t\t\t<\/div>\n\t\t\t\t<\/div>\n\t\t\t\t\t<\/div>\n\t\t\t\t<\/div>\n\t\t\t\t<section class=\"elementor-section elementor-top-section elementor-element elementor-element-3a57be50 elementor-section-boxed elementor-section-height-default elementor-section-height-default elementor-invisible\" data-id=\"3a57be50\" data-element_type=\"section\" data-settings=\"{&quot;background_background&quot;:&quot;classic&quot;,&quot;animation&quot;:&quot;headShake&quot;}\">\n\t\t\t\t\t\t<div class=\"elementor-container elementor-column-gap-default\">\n\t\t\t\t\t<div class=\"elementor-column elementor-col-100 elementor-top-column elementor-element elementor-element-3c5c34ae\" data-id=\"3c5c34ae\" data-element_type=\"column\">\n\t\t\t<div class=\"elementor-widget-wrap elementor-element-populated\">\n\t\t\t\t\t\t<div class=\"elementor-element elementor-element-3825ca2b elementor-widget elementor-widget-text-editor\" data-id=\"3825ca2b\" data-element_type=\"widget\" data-widget_type=\"text-editor.default\">\n\t\t\t\t<div class=\"elementor-widget-container\">\n\t\t\t\t\t\t\t\t\t<h1>Plus d&rsquo;inspiration et d&rsquo;infos savoureuses d\u00e9di\u00e9es au food retail et aux m\u00e9tiers de bouche ?<\/h1>\t\t\t\t\t\t\t\t<\/div>\n\t\t\t\t<\/div>\n\t\t\t\t<div class=\"elementor-element elementor-element-4b4e63de elementor-align-center elementor-widget elementor-widget-button\" data-id=\"4b4e63de\" data-element_type=\"widget\" data-widget_type=\"button.default\">\n\t\t\t\t<div class=\"elementor-widget-container\">\n\t\t\t\t\t\t\t\t\t<div class=\"elementor-button-wrapper\">\n\t\t\t\t\t<a class=\"elementor-button elementor-button-link elementor-size-md\" href=\"https:\/\/www.saveurs-metiers.be\/fr\/newsletter\/\">\n\t\t\t\t\t\t<span class=\"elementor-button-content-wrapper\">\n\t\t\t\t\t\t<span class=\"elementor-button-icon\">\n\t\t\t\t<svg aria-hidden=\"true\" class=\"e-font-icon-svg e-far-envelope-open\" viewBox=\"0 0 512 512\" xmlns=\"http:\/\/www.w3.org\/2000\/svg\"><path d=\"M494.586 164.516c-4.697-3.883-111.723-89.95-135.251-108.657C337.231 38.191 299.437 0 256 0c-43.205 0-80.636 37.717-103.335 55.859-24.463 19.45-131.07 105.195-135.15 108.549A48.004 48.004 0 0 0 0 201.485V464c0 26.51 21.49 48 48 48h416c26.51 0 48-21.49 48-48V201.509a48 48 0 0 0-17.414-36.993zM464 458a6 6 0 0 1-6 6H54a6 6 0 0 1-6-6V204.347c0-1.813.816-3.526 2.226-4.665 15.87-12.814 108.793-87.554 132.364-106.293C200.755 78.88 232.398 48 256 48c23.693 0 55.857 31.369 73.41 45.389 23.573 18.741 116.503 93.493 132.366 106.316a5.99 5.99 0 0 1 2.224 4.663V458zm-31.991-187.704c4.249 5.159 3.465 12.795-1.745 16.981-28.975 23.283-59.274 47.597-70.929 56.863C336.636 362.283 299.205 400 256 400c-43.452 0-81.287-38.237-103.335-55.86-11.279-8.967-41.744-33.413-70.927-56.865-5.21-4.187-5.993-11.822-1.745-16.981l15.258-18.528c4.178-5.073 11.657-5.843 16.779-1.726 28.618 23.001 58.566 47.035 70.56 56.571C200.143 320.631 232.307 352 256 352c23.602 0 55.246-30.88 73.41-45.389 11.994-9.535 41.944-33.57 70.563-56.568 5.122-4.116 12.601-3.346 16.778 1.727l15.258 18.526z\"><\/path><\/svg>\t\t\t<\/span>\n\t\t\t\t\t\t\t\t\t<span class=\"elementor-button-text\">Inscrivez-vous \u00e0 la newsletter Saveurs &amp; M\u00e9tiers<\/span>\n\t\t\t\t\t<\/span>\n\t\t\t\t\t<\/a>\n\t\t\t\t<\/div>\n\t\t\t\t\t\t\t\t<\/div>\n\t\t\t\t<\/div>\n\t\t\t\t\t<\/div>\n\t\t<\/div>\n\t\t\t\t\t<\/div>\n\t\t<\/section>\n\t\t\t\t<\/div>\n\t\t","protected":false},"excerpt":{"rendered":"<p>Plats r\u00e9confortants, retrouvailles conviviales en famille ou entre amis : en hiver, le fromage a particuli\u00e8rement la cote ! La consommation de fromage augmenterait d\u2019ailleurs d\u2019environ 30 % en moyenne pendant cette p\u00e9riode, notamment gr\u00e2ce \u00e0 des menus embl\u00e9matiques comme la raclette et la fondue. C\u2019est donc plus que jamais le moment de mettre le fromage \u00e0 l\u2019honneur dans votre magasin ! Mais quels produits fromagers s\u00e9duiront le plus vos clients ? Et comment mettre en valeur vos rayons et comptoirs \u00ab\u00a0fromages\u00a0\u00bb ? Voici quelques pistes et suggestions.<\/p>\n","protected":false},"author":179,"featured_media":37846,"comment_status":"closed","ping_status":"open","sticky":false,"template":"","format":"standard","meta":{"_seopress_robots_primary_cat":"none","_seopress_titles_title":"","_seopress_titles_desc":"","_seopress_robots_index":"","footnotes":""},"categories":[1],"tags":[],"edition":[],"class_list":["post-37843","post","type-post","status-publish","format-standard","has-post-thumbnail","hentry","category-non-classifiee"],"_links":{"self":[{"href":"https:\/\/www.saveurs-metiers.be\/fr\/wp-json\/wp\/v2\/posts\/37843","targetHints":{"allow":["GET"]}}],"collection":[{"href":"https:\/\/www.saveurs-metiers.be\/fr\/wp-json\/wp\/v2\/posts"}],"about":[{"href":"https:\/\/www.saveurs-metiers.be\/fr\/wp-json\/wp\/v2\/types\/post"}],"author":[{"embeddable":true,"href":"https:\/\/www.saveurs-metiers.be\/fr\/wp-json\/wp\/v2\/users\/179"}],"replies":[{"embeddable":true,"href":"https:\/\/www.saveurs-metiers.be\/fr\/wp-json\/wp\/v2\/comments?post=37843"}],"version-history":[{"count":5,"href":"https:\/\/www.saveurs-metiers.be\/fr\/wp-json\/wp\/v2\/posts\/37843\/revisions"}],"predecessor-version":[{"id":38097,"href":"https:\/\/www.saveurs-metiers.be\/fr\/wp-json\/wp\/v2\/posts\/37843\/revisions\/38097"}],"wp:featuredmedia":[{"embeddable":true,"href":"https:\/\/www.saveurs-metiers.be\/fr\/wp-json\/wp\/v2\/media\/37846"}],"wp:attachment":[{"href":"https:\/\/www.saveurs-metiers.be\/fr\/wp-json\/wp\/v2\/media?parent=37843"}],"wp:term":[{"taxonomy":"category","embeddable":true,"href":"https:\/\/www.saveurs-metiers.be\/fr\/wp-json\/wp\/v2\/categories?post=37843"},{"taxonomy":"post_tag","embeddable":true,"href":"https:\/\/www.saveurs-metiers.be\/fr\/wp-json\/wp\/v2\/tags?post=37843"},{"taxonomy":"edition","embeddable":true,"href":"https:\/\/www.saveurs-metiers.be\/fr\/wp-json\/wp\/v2\/edition?post=37843"}],"curies":[{"name":"wp","href":"https:\/\/api.w.org\/{rel}","templated":true}]}}