{"id":35586,"date":"2024-12-06T12:06:15","date_gmt":"2024-12-06T11:06:15","guid":{"rendered":"https:\/\/www.saveurs-metiers.be\/?p=35586"},"modified":"2024-12-06T12:14:07","modified_gmt":"2024-12-06T11:14:07","slug":"les-distributeurs-belges-sunissent-pour-promouvoir-les-emballages-reutilisables-a-travers-un-projet-pilote","status":"publish","type":"post","link":"https:\/\/www.saveurs-metiers.be\/fr\/les-distributeurs-belges-sunissent-pour-promouvoir-les-emballages-reutilisables-a-travers-un-projet-pilote\/","title":{"rendered":"Les distributeurs belges s\u2019unissent pour promouvoir les emballages r\u00e9utilisables \u00e0 travers un projet pilote"},"content":{"rendered":"\t\t<div data-elementor-type=\"wp-post\" data-elementor-id=\"35586\" class=\"elementor elementor-35586\" data-elementor-post-type=\"post\">\n\t\t\t\t<div class=\"elementor-element elementor-element-b405f30 e-flex e-con-boxed e-con e-parent\" data-id=\"b405f30\" data-element_type=\"container\">\n\t\t\t\t\t<div class=\"e-con-inner\">\n\t\t\t\t<div class=\"elementor-element elementor-element-9f75b55 elementor-widget elementor-widget-text-editor\" data-id=\"9f75b55\" data-element_type=\"widget\" data-widget_type=\"text-editor.default\">\n\t\t\t\t<div class=\"elementor-widget-container\">\n\t\t\t\t\t\t\t\t\t<p>Une collaboration in\u00e9dite voit le jour dans le secteur de la distribution alimentaire en Belgique : Albert Heijn, ALDI, Carrefour, Colruyt, Delhaize et Lidl unissent leurs forces au sein de la Reusable Packaging Coalition avec l\u2019objectif ambitieux d\u2019explorer des solutions d\u2019emballages r\u00e9utilisables. D\u00e8s mi-2025, un premier projet pilote sera lanc\u00e9 dans la r\u00e9gion de Malines, pour l\u2019emballage de champignons.<\/p>\t\t\t\t\t\t\t\t<\/div>\n\t\t\t\t<\/div>\n\t\t\t\t\t<\/div>\n\t\t\t\t<\/div>\n\t\t<div class=\"elementor-element elementor-element-e299668 e-flex e-con-boxed e-con e-parent\" data-id=\"e299668\" data-element_type=\"container\">\n\t\t\t\t\t<div class=\"e-con-inner\">\n\t\t\t\t<div class=\"elementor-element elementor-element-8569f8b elementor-widget elementor-widget-heading\" data-id=\"8569f8b\" data-element_type=\"widget\" data-widget_type=\"heading.default\">\n\t\t\t\t<div class=\"elementor-widget-container\">\n\t\t\t\t\t<h3 class=\"elementor-heading-title elementor-size-default\">Une r\u00e9ponse aux d\u00e9fis environnementaux et r\u00e9glementaires<\/h3>\t\t\t\t<\/div>\n\t\t\t\t<\/div>\n\t\t\t\t<div class=\"elementor-element elementor-element-9ccbb0f elementor-widget elementor-widget-text-editor\" data-id=\"9ccbb0f\" data-element_type=\"widget\" data-widget_type=\"text-editor.default\">\n\t\t\t\t<div class=\"elementor-widget-container\">\n\t\t\t\t\t\t\t\t\t<p>\u00c0 travers cette initiative, le secteur se positionne face \u00e0 l&rsquo;\u00e9volution des r\u00e9glementations europ\u00e9ennes \u00e0 travers la <em>directive Packaging and Packaging Waste Regulation<\/em> qui interdira les emballages plastiques \u00e0 usage unique pour les fruits et l\u00e9gumes pesant moins de 1,5 kg.<br \/>Ce passage aux emballages r\u00e9utilisables constitue aussi <strong>une nouvelle \u00e9tape vers des emballages plus durables<\/strong>, apr\u00e8s les importants efforts d\u00e9j\u00e0 fournis pour rendre les emballages recyclables et pour les \u00e9liminer lorsqu\u2019ils sont superflus. <\/p>\t\t\t\t\t\t\t\t<\/div>\n\t\t\t\t<\/div>\n\t\t\t\t\t<\/div>\n\t\t\t\t<\/div>\n\t\t<div class=\"elementor-element elementor-element-1ff8129 e-flex e-con-boxed e-con e-parent\" data-id=\"1ff8129\" data-element_type=\"container\">\n\t\t\t\t\t<div class=\"e-con-inner\">\n\t\t\t\t<div class=\"elementor-element elementor-element-87d304a elementor-widget elementor-widget-heading\" data-id=\"87d304a\" data-element_type=\"widget\" data-widget_type=\"heading.default\">\n\t\t\t\t<div class=\"elementor-widget-container\">\n\t\t\t\t\t<h3 class=\"elementor-heading-title elementor-size-default\">Projet pilote : des champignons en bacs r\u00e9utilisables d\u00e8s mi-2025<\/h3>\t\t\t\t<\/div>\n\t\t\t\t<\/div>\n\t\t\t\t<div class=\"elementor-element elementor-element-e5189f5 elementor-widget elementor-widget-text-editor\" data-id=\"e5189f5\" data-element_type=\"widget\" data-widget_type=\"text-editor.default\">\n\t\t\t\t<div class=\"elementor-widget-container\">\n\t\t\t\t\t\t\t\t\t<p>Le projet pilote se concentre sur les fruits et l\u00e9gumes frais, avec une premi\u00e8re application pour les champignons. D\u00e8s mi-2025, les consommateurs de la r\u00e9gion de Malines pourront acheter leurs champignons dans des bacs r\u00e9utilisables. Ces bacs seront nettoy\u00e9s industriellement et remis en circulation apr\u00e8s remplissage par les producteurs.<\/p><p>Ce mod\u00e8le logistique, pens\u00e9 pour \u00eatre durable, repose sur une collaboration \u00e9troite avec les producteurs locaux et les acteurs de la cha\u00eene d\u2019approvisionnement. L\u2019objectif : garantir que les nouveaux emballages n\u2019impactent ni la conservation des aliments ni leur s\u00e9curit\u00e9.<\/p>\t\t\t\t\t\t\t\t<\/div>\n\t\t\t\t<\/div>\n\t\t\t\t\t<\/div>\n\t\t\t\t<\/div>\n\t\t<div class=\"elementor-element elementor-element-8bdedce e-flex e-con-boxed e-con e-parent\" data-id=\"8bdedce\" data-element_type=\"container\">\n\t\t\t\t\t<div class=\"e-con-inner\">\n\t\t\t\t<div class=\"elementor-element elementor-element-98dc481 elementor-widget elementor-widget-heading\" data-id=\"98dc481\" data-element_type=\"widget\" data-widget_type=\"heading.default\">\n\t\t\t\t<div class=\"elementor-widget-container\">\n\t\t\t\t\t<h3 class=\"elementor-heading-title elementor-size-default\">Vers une standardisation des emballages<\/h3>\t\t\t\t<\/div>\n\t\t\t\t<\/div>\n\t\t\t\t<div class=\"elementor-element elementor-element-4fe8c2d elementor-widget elementor-widget-text-editor\" data-id=\"4fe8c2d\" data-element_type=\"widget\" data-widget_type=\"text-editor.default\">\n\t\t\t\t<div class=\"elementor-widget-container\">\n\t\t\t\t\t\t\t\t\t<p>L\u2019un des principaux d\u00e9fis de l\u2019\u00e9conomie circulaire reste le manque de standardisation et de coordination entre les diff\u00e9rents acteurs. La Reusable Packaging Coalition mise sur une approche collaborative pour combler cet \u00e9cart et simplifier l\u2019exp\u00e9rience des consommateurs.<\/p><p>Par ailleurs, <strong>Fost Plus, un partenaire cl\u00e9 du projet<\/strong>, jouera un r\u00f4le d\u00e9terminant dans l\u2019accompagnement des consommateurs, en les sensibilisant aux alternatives r\u00e9utilisables, tout comme elle l\u2019a fait pour le tri des d\u00e9chets ces 30 derni\u00e8res ann\u00e9es.<\/p>\t\t\t\t\t\t\t\t<\/div>\n\t\t\t\t<\/div>\n\t\t\t\t\t<\/div>\n\t\t\t\t<\/div>\n\t\t<div class=\"elementor-element elementor-element-9ad051b e-flex e-con-boxed e-con e-parent\" data-id=\"9ad051b\" data-element_type=\"container\">\n\t\t\t\t\t<div class=\"e-con-inner\">\n\t\t\t\t<div class=\"elementor-element elementor-element-c520077 elementor-widget elementor-widget-heading\" data-id=\"c520077\" data-element_type=\"widget\" data-widget_type=\"heading.default\">\n\t\t\t\t<div class=\"elementor-widget-container\">\n\t\t\t\t\t<h3 class=\"elementor-heading-title elementor-size-default\">Une alliance inspirante<\/h3>\t\t\t\t<\/div>\n\t\t\t\t<\/div>\n\t\t\t\t<div class=\"elementor-element elementor-element-4a92454 elementor-widget elementor-widget-text-editor\" data-id=\"4a92454\" data-element_type=\"widget\" data-widget_type=\"text-editor.default\">\n\t\t\t\t<div class=\"elementor-widget-container\">\n\t\t\t\t\t\t\t\t\t<p>La coalition, coordonn\u00e9e par l\u2019agence de design et d\u2019innovation Made, est soutenue par un large \u00e9ventail de partenaires : experts en s\u00e9curit\u00e9 alimentaire, acteurs de l\u2019\u00e9conomie sociale et entreprises technologiques.<br \/>Les partenaires incluent notamment Fost Plus (mod\u00e8le \u00e9conomique), Pack4Food (s\u00e9curit\u00e9 alimentaire), MIVAS (nettoyage), GS1 (standardisation), deSter (emballages) et Comeos.<\/p>\t\t\t\t\t\t\t\t<\/div>\n\t\t\t\t<\/div>\n\t\t\t\t\t<\/div>\n\t\t\t\t<\/div>\n\t\t<div class=\"elementor-element elementor-element-f12f1ab e-flex e-con-boxed e-con e-parent\" data-id=\"f12f1ab\" data-element_type=\"container\">\n\t\t\t\t\t<div class=\"e-con-inner\">\n\t\t\t\t<div class=\"elementor-element elementor-element-a7fad16 elementor-widget elementor-widget-text-editor\" data-id=\"a7fad16\" data-element_type=\"widget\" data-widget_type=\"text-editor.default\">\n\t\t\t\t<div class=\"elementor-widget-container\">\n\t\t\t\t\t\t\t\t\t<p>Source : <a href=\"https:\/\/new.comeos.be\/pressrelease\/901733\/Les-retailers-belges-unissent-leurs-forces-pour-un-projet-d-emballages-reutilisables-durables\" target=\"_blank\" rel=\"noopener\">Comeos.be<\/a><\/p>\t\t\t\t\t\t\t\t<\/div>\n\t\t\t\t<\/div>\n\t\t\t\t\t<\/div>\n\t\t\t\t<\/div>\n\t\t\t\t<section class=\"elementor-section elementor-top-section elementor-element elementor-element-343749e2 elementor-section-boxed elementor-section-height-default elementor-section-height-default elementor-invisible\" data-id=\"343749e2\" data-element_type=\"section\" data-settings=\"{&quot;background_background&quot;:&quot;classic&quot;,&quot;animation&quot;:&quot;headShake&quot;}\">\n\t\t\t\t\t\t<div class=\"elementor-container elementor-column-gap-default\">\n\t\t\t\t\t<div class=\"elementor-column elementor-col-100 elementor-top-column elementor-element elementor-element-4de209ab\" data-id=\"4de209ab\" data-element_type=\"column\">\n\t\t\t<div class=\"elementor-widget-wrap elementor-element-populated\">\n\t\t\t\t\t\t<div class=\"elementor-element elementor-element-1c76de6e elementor-widget elementor-widget-text-editor\" data-id=\"1c76de6e\" data-element_type=\"widget\" data-widget_type=\"text-editor.default\">\n\t\t\t\t<div class=\"elementor-widget-container\">\n\t\t\t\t\t\t\t\t\t<h1>Plus d&rsquo;inspiration et d&rsquo;infos savoureuses d\u00e9di\u00e9es au food retail et aux m\u00e9tiers de bouche ?<\/h1>\t\t\t\t\t\t\t\t<\/div>\n\t\t\t\t<\/div>\n\t\t\t\t<div class=\"elementor-element elementor-element-15638653 elementor-align-center elementor-widget elementor-widget-button\" data-id=\"15638653\" data-element_type=\"widget\" data-widget_type=\"button.default\">\n\t\t\t\t<div class=\"elementor-widget-container\">\n\t\t\t\t\t\t\t\t\t<div class=\"elementor-button-wrapper\">\n\t\t\t\t\t<a class=\"elementor-button elementor-button-link elementor-size-md\" href=\"https:\/\/www.saveurs-metiers.be\/fr\/newsletter\/\">\n\t\t\t\t\t\t<span class=\"elementor-button-content-wrapper\">\n\t\t\t\t\t\t<span class=\"elementor-button-icon\">\n\t\t\t\t<svg aria-hidden=\"true\" class=\"e-font-icon-svg e-far-envelope-open\" viewBox=\"0 0 512 512\" xmlns=\"http:\/\/www.w3.org\/2000\/svg\"><path d=\"M494.586 164.516c-4.697-3.883-111.723-89.95-135.251-108.657C337.231 38.191 299.437 0 256 0c-43.205 0-80.636 37.717-103.335 55.859-24.463 19.45-131.07 105.195-135.15 108.549A48.004 48.004 0 0 0 0 201.485V464c0 26.51 21.49 48 48 48h416c26.51 0 48-21.49 48-48V201.509a48 48 0 0 0-17.414-36.993zM464 458a6 6 0 0 1-6 6H54a6 6 0 0 1-6-6V204.347c0-1.813.816-3.526 2.226-4.665 15.87-12.814 108.793-87.554 132.364-106.293C200.755 78.88 232.398 48 256 48c23.693 0 55.857 31.369 73.41 45.389 23.573 18.741 116.503 93.493 132.366 106.316a5.99 5.99 0 0 1 2.224 4.663V458zm-31.991-187.704c4.249 5.159 3.465 12.795-1.745 16.981-28.975 23.283-59.274 47.597-70.929 56.863C336.636 362.283 299.205 400 256 400c-43.452 0-81.287-38.237-103.335-55.86-11.279-8.967-41.744-33.413-70.927-56.865-5.21-4.187-5.993-11.822-1.745-16.981l15.258-18.528c4.178-5.073 11.657-5.843 16.779-1.726 28.618 23.001 58.566 47.035 70.56 56.571C200.143 320.631 232.307 352 256 352c23.602 0 55.246-30.88 73.41-45.389 11.994-9.535 41.944-33.57 70.563-56.568 5.122-4.116 12.601-3.346 16.778 1.727l15.258 18.526z\"><\/path><\/svg>\t\t\t<\/span>\n\t\t\t\t\t\t\t\t\t<span class=\"elementor-button-text\">Inscrivez-vous \u00e0 la newsletter Saveurs &amp; M\u00e9tiers<\/span>\n\t\t\t\t\t<\/span>\n\t\t\t\t\t<\/a>\n\t\t\t\t<\/div>\n\t\t\t\t\t\t\t\t<\/div>\n\t\t\t\t<\/div>\n\t\t\t\t\t<\/div>\n\t\t<\/div>\n\t\t\t\t\t<\/div>\n\t\t<\/section>\n\t\t\t\t<\/div>\n\t\t","protected":false},"excerpt":{"rendered":"<p>Une collaboration in\u00e9dite voit le jour dans le secteur de la distribution alimentaire en Belgique : Albert Heijn, ALDI, Carrefour, Colruyt, Delhaize et Lidl unissent leurs forces au sein de la Reusable Packaging Coalition avec l\u2019objectif ambitieux d\u2019explorer des solutions d\u2019emballages r\u00e9utilisables. D\u00e8s mi-2025, un premier projet pilote sera lanc\u00e9 dans la r\u00e9gion de Malines, pour l\u2019emballage de champignons.<\/p>\n","protected":false},"author":179,"featured_media":35589,"comment_status":"closed","ping_status":"open","sticky":false,"template":"","format":"standard","meta":{"_seopress_robots_primary_cat":"none","_seopress_titles_title":"","_seopress_titles_desc":"","_seopress_robots_index":"","footnotes":""},"categories":[1],"tags":[],"edition":[],"class_list":["post-35586","post","type-post","status-publish","format-standard","has-post-thumbnail","hentry","category-non-classifiee"],"_links":{"self":[{"href":"https:\/\/www.saveurs-metiers.be\/fr\/wp-json\/wp\/v2\/posts\/35586","targetHints":{"allow":["GET"]}}],"collection":[{"href":"https:\/\/www.saveurs-metiers.be\/fr\/wp-json\/wp\/v2\/posts"}],"about":[{"href":"https:\/\/www.saveurs-metiers.be\/fr\/wp-json\/wp\/v2\/types\/post"}],"author":[{"embeddable":true,"href":"https:\/\/www.saveurs-metiers.be\/fr\/wp-json\/wp\/v2\/users\/179"}],"replies":[{"embeddable":true,"href":"https:\/\/www.saveurs-metiers.be\/fr\/wp-json\/wp\/v2\/comments?post=35586"}],"version-history":[{"count":5,"href":"https:\/\/www.saveurs-metiers.be\/fr\/wp-json\/wp\/v2\/posts\/35586\/revisions"}],"predecessor-version":[{"id":35600,"href":"https:\/\/www.saveurs-metiers.be\/fr\/wp-json\/wp\/v2\/posts\/35586\/revisions\/35600"}],"wp:featuredmedia":[{"embeddable":true,"href":"https:\/\/www.saveurs-metiers.be\/fr\/wp-json\/wp\/v2\/media\/35589"}],"wp:attachment":[{"href":"https:\/\/www.saveurs-metiers.be\/fr\/wp-json\/wp\/v2\/media?parent=35586"}],"wp:term":[{"taxonomy":"category","embeddable":true,"href":"https:\/\/www.saveurs-metiers.be\/fr\/wp-json\/wp\/v2\/categories?post=35586"},{"taxonomy":"post_tag","embeddable":true,"href":"https:\/\/www.saveurs-metiers.be\/fr\/wp-json\/wp\/v2\/tags?post=35586"},{"taxonomy":"edition","embeddable":true,"href":"https:\/\/www.saveurs-metiers.be\/fr\/wp-json\/wp\/v2\/edition?post=35586"}],"curies":[{"name":"wp","href":"https:\/\/api.w.org\/{rel}","templated":true}]}}