{"id":34693,"date":"2024-11-15T12:17:09","date_gmt":"2024-11-15T11:17:09","guid":{"rendered":"https:\/\/www.saveurs-metiers.be\/?p=34693"},"modified":"2024-11-15T12:45:05","modified_gmt":"2024-11-15T11:45:05","slug":"quelles-tendances-en-rayon-en-cette-fin-dannee-nos-trouvailles-au-sial-paris-et-ailleurs","status":"publish","type":"post","link":"https:\/\/www.saveurs-metiers.be\/fr\/quelles-tendances-en-rayon-en-cette-fin-dannee-nos-trouvailles-au-sial-paris-et-ailleurs\/","title":{"rendered":"Quelles tendances en rayons en cette fin d\u2019ann\u00e9e ? Nos trouvailles au SIAL Paris et ailleurs"},"content":{"rendered":"\t\t<div data-elementor-type=\"wp-post\" data-elementor-id=\"34693\" class=\"elementor elementor-34693\" data-elementor-post-type=\"post\">\n\t\t\t\t<div class=\"elementor-element elementor-element-b6fe5d9 e-flex e-con-boxed e-con e-parent\" data-id=\"b6fe5d9\" data-element_type=\"container\">\n\t\t\t\t\t<div class=\"e-con-inner\">\n\t\t\t\t<div class=\"elementor-element elementor-element-c2e73e9 elementor-widget elementor-widget-text-editor\" data-id=\"c2e73e9\" data-element_type=\"widget\" data-widget_type=\"text-editor.default\">\n\t\t\t\t<div class=\"elementor-widget-container\">\n\t\t\t\t\t\t\t\t\t<p>La fin d\u2019ann\u00e9e approche \u00e0 grands pas, avec en ligne de mire la p\u00e9riode des f\u00eates ! Et si nous jetions un \u0153il aux tendances qui marqueront cette fin 2024, mais surtout l\u2019ann\u00e9e 2025 ? Derni\u00e8rement, nos \u00e9quipes et notre partenaire <strong>Retail Influencer Vincent Panneels (<a href=\"https:\/\/20100retail.be\/fr\/accueil\" target=\"_blank\" rel=\"noopener\">20\/CENT Retail<\/a>)<\/strong> ont parcouru plusieurs \u00e9v\u00e9nements et foires, notamment le SIAL Paris et plusieurs salons de distributeurs (Carrefour Belgique et Delhaize, pour n\u2019en citer que quelques-uns). Des visites ponctu\u00e9es de diverses d\u00e9couvertes et innovations, qui devraient se retrouver tr\u00e8s prochainement dans les rayons pour s\u00e9duire les consommateurs.<\/p>\t\t\t\t\t\t\t\t<\/div>\n\t\t\t\t<\/div>\n\t\t\t\t\t<\/div>\n\t\t\t\t<\/div>\n\t\t<div class=\"elementor-element elementor-element-e474462 e-flex e-con-boxed e-con e-parent\" data-id=\"e474462\" data-element_type=\"container\" data-settings=\"{&quot;background_background&quot;:&quot;classic&quot;}\">\n\t\t\t\t\t<div class=\"e-con-inner\">\n\t\t\t\t<div class=\"elementor-element elementor-element-dd41223 elementor-widget elementor-widget-text-editor\" data-id=\"dd41223\" data-element_type=\"widget\" data-widget_type=\"text-editor.default\">\n\t\t\t\t<div class=\"elementor-widget-container\">\n\t\t\t\t\t\t\t\t\t<p>Nous \u00e9pinglons tout d\u2019abord la <strong>cat\u00e9gorie des substituts et des alternatives<\/strong>, qui continue d\u2019\u00e9voluer vers plus de qualit\u00e9 : <strong>\u00ab moins mais mieux \u00bb<\/strong> ! <br \/>L\u2019offre du SIAL Paris au niveau des produits \u00e0 base v\u00e9g\u00e9tale t\u00e9moignait clairement de cette \u00e9volution. On y trouvait certes moins d\u2019innovations, mais les stands refl\u00e9taient cette volont\u00e9 de proposer une qualit\u00e9 am\u00e9lior\u00e9e des offres \u00ab plant-based \u00bb, avec un travail sur la texture et sur la composition des ingr\u00e9dients.<\/p>\t\t\t\t\t\t\t\t<\/div>\n\t\t\t\t<\/div>\n\t\t\t\t<div class=\"elementor-element elementor-element-4fc71d9 elementor-position-left elementor-vertical-align-top elementor-widget elementor-widget-image-box\" data-id=\"4fc71d9\" data-element_type=\"widget\" data-widget_type=\"image-box.default\">\n\t\t\t\t<div class=\"elementor-widget-container\">\n\t\t\t\t\t<div class=\"elementor-image-box-wrapper\"><figure class=\"elementor-image-box-img\"><img fetchpriority=\"high\" decoding=\"async\" width=\"1920\" height=\"1034\" src=\"https:\/\/easyfairsassets.com\/sites\/194\/2024\/11\/papondu-stand-sial.png\" class=\"attachment-full size-full wp-image-34701\" alt=\"\" srcset=\"https:\/\/easyfairsassets.com\/sites\/194\/2024\/11\/papondu-stand-sial.png 1920w, https:\/\/easyfairsassets.com\/sites\/194\/2024\/11\/papondu-stand-sial-300x162.png 300w, https:\/\/easyfairsassets.com\/sites\/194\/2024\/11\/papondu-stand-sial-1024x551.png 1024w, https:\/\/easyfairsassets.com\/sites\/194\/2024\/11\/papondu-stand-sial-768x414.png 768w, https:\/\/easyfairsassets.com\/sites\/194\/2024\/11\/papondu-stand-sial-1536x827.png 1536w\" sizes=\"(max-width: 1920px) 100vw, 1920px\" \/><\/figure><div class=\"elementor-image-box-content\"><p class=\"elementor-image-box-description\">Citons par exemple la start-up fran\u00e7aise Papondu qui a d\u00e9velopp\u00e9, apr\u00e8s un travail de plus de deux ans, <b>un substitut d\u2019\u0153uf<\/b> plut\u00f4t r\u00e9ussi. Contrairement aux substituts pr\u00e9c\u00e9dents qui ne rempla\u00e7aient qu\u2019une ou deux fonctions ou particularit\u00e9s de l\u2019\u0153uf, celui-ci parvient \u00e0 s\u2019int\u00e9grer dans n\u2019importe quelle recette, que ce soit en cuisine ou en p\u00e2tisserie. <\/p><\/div><\/div>\t\t\t\t<\/div>\n\t\t\t\t<\/div>\n\t\t\t\t\t<\/div>\n\t\t\t\t<\/div>\n\t\t<div class=\"elementor-element elementor-element-9aac8d2 e-flex e-con-boxed e-con e-parent\" data-id=\"9aac8d2\" data-element_type=\"container\">\n\t\t\t\t\t<div class=\"e-con-inner\">\n\t\t<div class=\"elementor-element elementor-element-5df2992 e-con-full e-flex e-con e-child\" data-id=\"5df2992\" data-element_type=\"container\">\n\t\t\t\t<div class=\"elementor-element elementor-element-88663ef elementor-widget elementor-widget-image\" data-id=\"88663ef\" data-element_type=\"widget\" data-widget_type=\"image.default\">\n\t\t\t\t<div class=\"elementor-widget-container\">\n\t\t\t\t\t\t\t\t\t\t\t\t\t\t\t<img decoding=\"async\" src=\"https:\/\/easyfairsassets.com\/sites\/194\/2024\/11\/Delhaize-champignons-comme-alternatives-a-la-viande.jpg\" title=\"Delhaize champignons comme alternatives a\u0300 la viande\" alt=\"Delhaize champignons comme alternatives a\u0300 la viande\" loading=\"lazy\" \/>\t\t\t\t\t\t\t\t\t\t\t\t\t\t\t<\/div>\n\t\t\t\t<\/div>\n\t\t\t\t<\/div>\n\t\t<div class=\"elementor-element elementor-element-2e461fd e-con-full e-flex e-con e-child\" data-id=\"2e461fd\" data-element_type=\"container\">\n\t\t\t\t<div class=\"elementor-element elementor-element-d3f2fc3 elementor-widget elementor-widget-text-editor\" data-id=\"d3f2fc3\" data-element_type=\"widget\" data-widget_type=\"text-editor.default\">\n\t\t\t\t<div class=\"elementor-widget-container\">\n\t\t\t\t\t\t\t\t\t<p>\u00c9galement, au niveau des alternatives, <strong>les champignons<\/strong> semblent gagner du gallon, en tant que <strong>substituts \u00e0 la viande<\/strong> ou m\u00eame au caf\u00e9. <br \/>Lorsqu\u2019ils remplacent les produits carn\u00e9s, les champignons ont l\u2019avantage d\u2019offrir une alternative riche en prot\u00e9ines et aussi naturelle que possible, dans la mesure o\u00f9 ils prendront la forme d\u2019un produit peu transform\u00e9, sans grande pr\u00e9paration et ajout d\u2019ingr\u00e9dients multiples.<\/p>\t\t\t\t\t\t\t\t<\/div>\n\t\t\t\t<\/div>\n\t\t\t\t<\/div>\n\t\t\t\t\t<\/div>\n\t\t\t\t<\/div>\n\t\t<div class=\"elementor-element elementor-element-f9c726c e-flex e-con-boxed e-con e-parent\" data-id=\"f9c726c\" data-element_type=\"container\">\n\t\t\t\t\t<div class=\"e-con-inner\">\n\t\t\t\t<div class=\"elementor-element elementor-element-413c7a4 elementor-widget elementor-widget-text-editor\" data-id=\"413c7a4\" data-element_type=\"widget\" data-widget_type=\"text-editor.default\">\n\t\t\t\t<div class=\"elementor-widget-container\">\n\t\t\t\t\t\t\t\t\t<p>Les champignons ont aussi l\u2019avantage de pouvoir \u00eatre cultiv\u00e9s \u00e0 proximit\u00e9. C\u2019est d\u2019ailleurs ce qui semble avoir motiv\u00e9 plusieurs start-ups qui ont d\u00e9velopp\u00e9 un <strong>\u00ab caf\u00e9 \u00bb \u00e0 base de champignons<\/strong>. Cette alternative affiche un bilan carbone nettement inf\u00e9rieur au caf\u00e9 ordinaire, qui doit parcourir des milliers de kilom\u00e8tres avant de remplir votre tasse. En outre, en utilisant diff\u00e9rents types de champignons (comme la Crini\u00e8re de Lion, le Reishi\u2026), le caf\u00e9 offrira diff\u00e9rents petit \u00ab plus \u00bb et bienfaits nutritionnels (plus d\u2019\u00e9nergie, petit boost immunitaire\u2026). En plus d\u2019\u00eatre plus durable, votre boisson chaude devient donc aussi plus fonctionnelle.<\/p>\t\t\t\t\t\t\t\t<\/div>\n\t\t\t\t<\/div>\n\t\t\t\t\t<\/div>\n\t\t\t\t<\/div>\n\t\t<div class=\"elementor-element elementor-element-cb43df3 e-flex e-con-boxed e-con e-parent\" data-id=\"cb43df3\" data-element_type=\"container\" data-settings=\"{&quot;background_background&quot;:&quot;classic&quot;}\">\n\t\t\t\t\t<div class=\"e-con-inner\">\n\t\t\t\t<div class=\"elementor-element elementor-element-369abb7 elementor-position-left elementor-vertical-align-top elementor-widget elementor-widget-image-box\" data-id=\"369abb7\" data-element_type=\"widget\" data-widget_type=\"image-box.default\">\n\t\t\t\t<div class=\"elementor-widget-container\">\n\t\t\t\t\t<div class=\"elementor-image-box-wrapper\"><figure class=\"elementor-image-box-img\"><img decoding=\"async\" width=\"150\" height=\"300\" src=\"https:\/\/easyfairsassets.com\/sites\/194\/2024\/11\/Boisson-fonctionelle-Superfoods-Beer--150x300.jpg\" class=\"attachment-medium size-medium wp-image-34705\" alt=\"\" srcset=\"https:\/\/easyfairsassets.com\/sites\/194\/2024\/11\/Boisson-fonctionelle-Superfoods-Beer--150x300.jpg 150w, https:\/\/easyfairsassets.com\/sites\/194\/2024\/11\/Boisson-fonctionelle-Superfoods-Beer-.jpg 500w\" sizes=\"(max-width: 150px) 100vw, 150px\" \/><\/figure><div class=\"elementor-image-box-content\"><p class=\"elementor-image-box-description\">Nous \u00e9pinglons d\u2019ailleurs les <b>boissons fonctionnelles<\/b> comme une tendance notable au rayon boissons. Du c\u00f4t\u00e9 des jus, des soft drinks ou encore des boissons \u00e9nergisantes, la tendance est aux ingr\u00e9dients naturels et \u00e0 la fonctionnalit\u00e9. M\u00eame au rayon des bi\u00e8res, de plus en plus d\u2019acteurs offrent d\u00e9sormais des bi\u00e8res fonctionnelles \u00e0 0% d\u2019alcool ou int\u00e9grant de \u00ab <b>supers ingr\u00e9dients<\/b> \u00bb. A l\u2019image de la gamme belge de \u00ab Superfood Beer \u00bb, la bi\u00e8re devient donc une boisson pour sportifs !<\/p><\/div><\/div>\t\t\t\t<\/div>\n\t\t\t\t<\/div>\n\t\t\t\t\t<\/div>\n\t\t\t\t<\/div>\n\t\t<div class=\"elementor-element elementor-element-aa362e4 e-flex e-con-boxed e-con e-parent\" data-id=\"aa362e4\" data-element_type=\"container\" data-settings=\"{&quot;background_background&quot;:&quot;classic&quot;}\">\n\t\t\t\t\t<div class=\"e-con-inner\">\n\t\t\t\t<div class=\"elementor-element elementor-element-b891fc6 elementor-widget elementor-widget-text-editor\" data-id=\"b891fc6\" data-element_type=\"widget\" data-widget_type=\"text-editor.default\">\n\t\t\t\t<div class=\"elementor-widget-container\">\n\t\t\t\t\t\t\t\t\t<p>Enfin, les tendances rep\u00e9r\u00e9es en cette fin d\u2019ann\u00e9e refl\u00e8tent aussi le souhait de r\u00e9pondre aux attentes des consommateurs qui demandent du \u00ab <strong>convenience<\/strong> \u00bb : le mot d\u2019ordre est de <strong>faciliter la consommation<\/strong> du produit, et cela se remarque au niveau des packagings (ouverture facile), des formats (transportables\u2026), etc.<\/p>\t\t\t\t\t\t\t\t<\/div>\n\t\t\t\t<\/div>\n\t\t\t\t<div class=\"elementor-element elementor-element-2d1e4ab elementor-position-left elementor-vertical-align-top elementor-widget elementor-widget-image-box\" data-id=\"2d1e4ab\" data-element_type=\"widget\" data-widget_type=\"image-box.default\">\n\t\t\t\t<div class=\"elementor-widget-container\">\n\t\t\t\t\t<div class=\"elementor-image-box-wrapper\"><figure class=\"elementor-image-box-img\"><img decoding=\"async\" width=\"1920\" height=\"1034\" src=\"https:\/\/easyfairsassets.com\/sites\/194\/2024\/11\/plateau-apero-delhaize.png\" class=\"attachment-full size-full wp-image-34707\" alt=\"\" srcset=\"https:\/\/easyfairsassets.com\/sites\/194\/2024\/11\/plateau-apero-delhaize.png 1920w, https:\/\/easyfairsassets.com\/sites\/194\/2024\/11\/plateau-apero-delhaize-300x162.png 300w, https:\/\/easyfairsassets.com\/sites\/194\/2024\/11\/plateau-apero-delhaize-1024x551.png 1024w, https:\/\/easyfairsassets.com\/sites\/194\/2024\/11\/plateau-apero-delhaize-768x414.png 768w, https:\/\/easyfairsassets.com\/sites\/194\/2024\/11\/plateau-apero-delhaize-1536x827.png 1536w\" sizes=\"(max-width: 1920px) 100vw, 1920px\" \/><\/figure><div class=\"elementor-image-box-content\"><p class=\"elementor-image-box-description\">En fin d\u2019ann\u00e9e tout particuli\u00e8rement, le convenience a le vent en poupe, car les clients se montrent encore plus friands de plateaux ou de pr\u00e9parations \u00ab tout faits \u00bb, qui faciliteront les pr\u00e9paratifs des repas festifs. Pensez donc \u00e0 leur proposer des produits tels que des plateaux ap\u00e9ros, des plateaux de charcuteries et\/ou de fromages pr\u00e9d\u00e9coup\u00e9s, des repas \u00ab tout faits \u00bb \u00e0 assembler en deux temps trois mouvements, etc. <\/p><\/div><\/div>\t\t\t\t<\/div>\n\t\t\t\t<\/div>\n\t\t\t\t\t<\/div>\n\t\t\t\t<\/div>\n\t\t<div class=\"elementor-element elementor-element-8803da2 e-flex e-con-boxed e-con e-parent\" data-id=\"8803da2\" data-element_type=\"container\">\n\t\t\t\t\t<div class=\"e-con-inner\">\n\t\t\t\t<div class=\"elementor-element elementor-element-a73ac6c elementor-widget elementor-widget-text-editor\" data-id=\"a73ac6c\" data-element_type=\"widget\" data-widget_type=\"text-editor.default\">\n\t\t\t\t<div class=\"elementor-widget-container\">\n\t\t\t\t\t\t\t\t\t<p>C\u2019est en visitant des salons et \u00e9v\u00e9nements professionnels que l\u2019on s\u2019inspire en d\u00e9couvrant les nouveaut\u00e9s ou que l&rsquo;on d\u00e9tecte un regain d\u2019int\u00e9r\u00eat pour certains types de produits. Il s\u2019agit donc toujours d\u2019un moment enrichissant, qui vous permettra de prendre les devants dans votre propre commerce !<\/p>\t\t\t\t\t\t\t\t<\/div>\n\t\t\t\t<\/div>\n\t\t\t\t<div class=\"elementor-element elementor-element-a11c05b elementor-position-left elementor-view-default elementor-mobile-position-top elementor-widget elementor-widget-icon-box\" data-id=\"a11c05b\" data-element_type=\"widget\" data-widget_type=\"icon-box.default\">\n\t\t\t\t<div class=\"elementor-widget-container\">\n\t\t\t\t\t\t\t<div class=\"elementor-icon-box-wrapper\">\n\n\t\t\t\t\t\t<div class=\"elementor-icon-box-icon\">\n\t\t\t\t<span  class=\"elementor-icon\">\n\t\t\t\t<svg aria-hidden=\"true\" class=\"e-font-icon-svg e-far-calendar-check\" viewBox=\"0 0 448 512\" xmlns=\"http:\/\/www.w3.org\/2000\/svg\"><path d=\"M400 64h-48V12c0-6.627-5.373-12-12-12h-40c-6.627 0-12 5.373-12 12v52H160V12c0-6.627-5.373-12-12-12h-40c-6.627 0-12 5.373-12 12v52H48C21.49 64 0 85.49 0 112v352c0 26.51 21.49 48 48 48h352c26.51 0 48-21.49 48-48V112c0-26.51-21.49-48-48-48zm-6 400H54a6 6 0 0 1-6-6V160h352v298a6 6 0 0 1-6 6zm-52.849-200.65L198.842 404.519c-4.705 4.667-12.303 4.637-16.971-.068l-75.091-75.699c-4.667-4.705-4.637-12.303.068-16.971l22.719-22.536c4.705-4.667 12.303-4.637 16.97.069l44.104 44.461 111.072-110.181c4.705-4.667 12.303-4.637 16.971.068l22.536 22.718c4.667 4.705 4.636 12.303-.069 16.97z\"><\/path><\/svg>\t\t\t\t<\/span>\n\t\t\t<\/div>\n\t\t\t\n\t\t\t\t\t\t<div class=\"elementor-icon-box-content\">\n\n\t\t\t\t\t\t\t\t\t<h3 class=\"elementor-icon-box-title\">\n\t\t\t\t\t\t<span  >\n\t\t\t\t\t\t\tComing soon...\t\t\t\t\t\t<\/span>\n\t\t\t\t\t<\/h3>\n\t\t\t\t\n\t\t\t\t\t\t\t\t\t<p class=\"elementor-icon-box-description\">\n\t\t\t\t\t\tCela tombe bien : en 2025, un premier rendez-vous se profile \u00e0 l\u2019agenda\u2026 <b>Saveurs &amp; M\u00e9tiers \u00e0 Namur Expo<\/b>. Il n\u2019y en a pas d\u2019autre de ce type en Belgique francophone, enti\u00e8rement cibl\u00e9 pour les professionnels du commerce alimentaire et des m\u00e9tiers de bouche. Rendez-vous les 2-3-4 f\u00e9vrier !\t\t\t\t\t<\/p>\n\t\t\t\t\n\t\t\t<\/div>\n\t\t\t\n\t\t<\/div>\n\t\t\t\t\t\t<\/div>\n\t\t\t\t<\/div>\n\t\t\t\t\t<\/div>\n\t\t\t\t<\/div>\n\t\t\t\t<section class=\"elementor-section elementor-top-section elementor-element elementor-element-7fbe34a7 elementor-section-boxed elementor-section-height-default elementor-section-height-default elementor-invisible\" data-id=\"7fbe34a7\" data-element_type=\"section\" data-settings=\"{&quot;background_background&quot;:&quot;classic&quot;,&quot;animation&quot;:&quot;headShake&quot;}\">\n\t\t\t\t\t\t<div class=\"elementor-container elementor-column-gap-default\">\n\t\t\t\t\t<div class=\"elementor-column elementor-col-100 elementor-top-column elementor-element elementor-element-2da2765b\" data-id=\"2da2765b\" data-element_type=\"column\">\n\t\t\t<div class=\"elementor-widget-wrap elementor-element-populated\">\n\t\t\t\t\t\t<div class=\"elementor-element elementor-element-752f7262 elementor-widget elementor-widget-text-editor\" data-id=\"752f7262\" data-element_type=\"widget\" data-widget_type=\"text-editor.default\">\n\t\t\t\t<div class=\"elementor-widget-container\">\n\t\t\t\t\t\t\t\t\t<h1>Plus d&rsquo;inspiration et d&rsquo;infos savoureuses d\u00e9di\u00e9es au food retail et aux m\u00e9tiers de bouche ?<\/h1>\t\t\t\t\t\t\t\t<\/div>\n\t\t\t\t<\/div>\n\t\t\t\t<div class=\"elementor-element elementor-element-5999e077 elementor-align-center elementor-widget elementor-widget-button\" data-id=\"5999e077\" data-element_type=\"widget\" data-widget_type=\"button.default\">\n\t\t\t\t<div class=\"elementor-widget-container\">\n\t\t\t\t\t\t\t\t\t<div class=\"elementor-button-wrapper\">\n\t\t\t\t\t<a class=\"elementor-button elementor-button-link elementor-size-md\" href=\"https:\/\/www.saveurs-metiers.be\/fr\/newsletter\/\">\n\t\t\t\t\t\t<span class=\"elementor-button-content-wrapper\">\n\t\t\t\t\t\t<span class=\"elementor-button-icon\">\n\t\t\t\t<svg aria-hidden=\"true\" class=\"e-font-icon-svg e-far-envelope-open\" viewBox=\"0 0 512 512\" xmlns=\"http:\/\/www.w3.org\/2000\/svg\"><path d=\"M494.586 164.516c-4.697-3.883-111.723-89.95-135.251-108.657C337.231 38.191 299.437 0 256 0c-43.205 0-80.636 37.717-103.335 55.859-24.463 19.45-131.07 105.195-135.15 108.549A48.004 48.004 0 0 0 0 201.485V464c0 26.51 21.49 48 48 48h416c26.51 0 48-21.49 48-48V201.509a48 48 0 0 0-17.414-36.993zM464 458a6 6 0 0 1-6 6H54a6 6 0 0 1-6-6V204.347c0-1.813.816-3.526 2.226-4.665 15.87-12.814 108.793-87.554 132.364-106.293C200.755 78.88 232.398 48 256 48c23.693 0 55.857 31.369 73.41 45.389 23.573 18.741 116.503 93.493 132.366 106.316a5.99 5.99 0 0 1 2.224 4.663V458zm-31.991-187.704c4.249 5.159 3.465 12.795-1.745 16.981-28.975 23.283-59.274 47.597-70.929 56.863C336.636 362.283 299.205 400 256 400c-43.452 0-81.287-38.237-103.335-55.86-11.279-8.967-41.744-33.413-70.927-56.865-5.21-4.187-5.993-11.822-1.745-16.981l15.258-18.528c4.178-5.073 11.657-5.843 16.779-1.726 28.618 23.001 58.566 47.035 70.56 56.571C200.143 320.631 232.307 352 256 352c23.602 0 55.246-30.88 73.41-45.389 11.994-9.535 41.944-33.57 70.563-56.568 5.122-4.116 12.601-3.346 16.778 1.727l15.258 18.526z\"><\/path><\/svg>\t\t\t<\/span>\n\t\t\t\t\t\t\t\t\t<span class=\"elementor-button-text\">Inscrivez-vous \u00e0 la newsletter Saveurs &amp; M\u00e9tiers<\/span>\n\t\t\t\t\t<\/span>\n\t\t\t\t\t<\/a>\n\t\t\t\t<\/div>\n\t\t\t\t\t\t\t\t<\/div>\n\t\t\t\t<\/div>\n\t\t\t\t\t<\/div>\n\t\t<\/div>\n\t\t\t\t\t<\/div>\n\t\t<\/section>\n\t\t\t\t<\/div>\n\t\t","protected":false},"excerpt":{"rendered":"<p>La fin d\u2019ann\u00e9e approche \u00e0 grands pas, avec en ligne de mire la p\u00e9riode des f\u00eates ! Et si nous jetions un \u0153il aux tendances qui marqueront cette fin 2024, mais surtout l\u2019ann\u00e9e 2025. Derni\u00e8rement, nos \u00e9quipes et notre partenaire Retail Influencer Vincent Panneels ont parcouru plusieurs \u00e9v\u00e9nements et foires, notamment le SIAL Paris et plusieurs salons de distributeurs (Carrefour Belgique et Delhaize, pour n\u2019en citer que quelques-uns). Des visites ponctu\u00e9es de diverses d\u00e9couvertes et innovations, qui devraient se retrouver tr\u00e8s prochainement dans les rayons pour s\u00e9duire les consommateurs.<\/p>\n","protected":false},"author":179,"featured_media":34698,"comment_status":"closed","ping_status":"open","sticky":false,"template":"","format":"standard","meta":{"_seopress_robots_primary_cat":"none","_seopress_titles_title":"","_seopress_titles_desc":"","_seopress_robots_index":"","footnotes":""},"categories":[1],"tags":[],"edition":[],"class_list":["post-34693","post","type-post","status-publish","format-standard","has-post-thumbnail","hentry","category-non-classifiee"],"_links":{"self":[{"href":"https:\/\/www.saveurs-metiers.be\/fr\/wp-json\/wp\/v2\/posts\/34693","targetHints":{"allow":["GET"]}}],"collection":[{"href":"https:\/\/www.saveurs-metiers.be\/fr\/wp-json\/wp\/v2\/posts"}],"about":[{"href":"https:\/\/www.saveurs-metiers.be\/fr\/wp-json\/wp\/v2\/types\/post"}],"author":[{"embeddable":true,"href":"https:\/\/www.saveurs-metiers.be\/fr\/wp-json\/wp\/v2\/users\/179"}],"replies":[{"embeddable":true,"href":"https:\/\/www.saveurs-metiers.be\/fr\/wp-json\/wp\/v2\/comments?post=34693"}],"version-history":[{"count":5,"href":"https:\/\/www.saveurs-metiers.be\/fr\/wp-json\/wp\/v2\/posts\/34693\/revisions"}],"predecessor-version":[{"id":34715,"href":"https:\/\/www.saveurs-metiers.be\/fr\/wp-json\/wp\/v2\/posts\/34693\/revisions\/34715"}],"wp:featuredmedia":[{"embeddable":true,"href":"https:\/\/www.saveurs-metiers.be\/fr\/wp-json\/wp\/v2\/media\/34698"}],"wp:attachment":[{"href":"https:\/\/www.saveurs-metiers.be\/fr\/wp-json\/wp\/v2\/media?parent=34693"}],"wp:term":[{"taxonomy":"category","embeddable":true,"href":"https:\/\/www.saveurs-metiers.be\/fr\/wp-json\/wp\/v2\/categories?post=34693"},{"taxonomy":"post_tag","embeddable":true,"href":"https:\/\/www.saveurs-metiers.be\/fr\/wp-json\/wp\/v2\/tags?post=34693"},{"taxonomy":"edition","embeddable":true,"href":"https:\/\/www.saveurs-metiers.be\/fr\/wp-json\/wp\/v2\/edition?post=34693"}],"curies":[{"name":"wp","href":"https:\/\/api.w.org\/{rel}","templated":true}]}}