{"id":31582,"date":"2024-07-12T14:31:35","date_gmt":"2024-07-12T12:31:35","guid":{"rendered":"https:\/\/www.saveurs-metiers.be\/?p=31582"},"modified":"2024-07-15T08:31:52","modified_gmt":"2024-07-15T06:31:52","slug":"la-competitivite-est-une-priorite-urgente","status":"publish","type":"post","link":"https:\/\/www.saveurs-metiers.be\/fr\/la-competitivite-est-une-priorite-urgente\/","title":{"rendered":"\u00ab\u00a0La comp\u00e9titivit\u00e9 est une priorit\u00e9 urgente !\u00a0\u00bb"},"content":{"rendered":"\t\t<div data-elementor-type=\"wp-post\" data-elementor-id=\"31582\" class=\"elementor elementor-31582\" data-elementor-post-type=\"post\">\n\t\t\t\t\t\t<section class=\"elementor-section elementor-top-section elementor-element elementor-element-2abcd83 elementor-section-boxed elementor-section-height-default elementor-section-height-default\" data-id=\"2abcd83\" data-element_type=\"section\">\n\t\t\t\t\t\t<div class=\"elementor-container elementor-column-gap-default\">\n\t\t\t\t\t<div class=\"elementor-column elementor-col-100 elementor-top-column elementor-element elementor-element-d75014f\" data-id=\"d75014f\" data-element_type=\"column\">\n\t\t\t<div class=\"elementor-widget-wrap elementor-element-populated\">\n\t\t\t\t\t\t<div class=\"elementor-element elementor-element-5253a6a elementor-widget elementor-widget-text-editor\" data-id=\"5253a6a\" data-element_type=\"widget\" data-widget_type=\"text-editor.default\">\n\t\t\t\t<div class=\"elementor-widget-container\">\n\t\t\t\t\t\t\t\t\t<p>Interview propos\u00e9e en collaboration avec Vincent Panneels,\u00a0<a href=\"https:\/\/20100retail.be\/fr\/accueil\" target=\"_blank\" rel=\"noopener\">20\/CENT Retail<\/a>.<\/p><p>Poursuivons notre s\u00e9rie d\u2019entretiens entam\u00e9e \u00e0 la suite des \u00e9lections l\u00e9gislatives de juin et continuons \u00e0 prendre le pouls du c\u00f4t\u00e9 des organismes et f\u00e9d\u00e9rations du secteur alimentaire, afin de conna\u00eetre leurs priorit\u00e9s, perspectives et attentes \u00e0 l\u2019\u00e9gard des nouveaux gouvernements. <strong>Michael Gore, Managing Director de la FEBEV (F\u00e9d\u00e9ration belge de la Viande)<\/strong> s\u2019est pr\u00eat\u00e9 au jeu.<\/p>\t\t\t\t\t\t\t\t<\/div>\n\t\t\t\t<\/div>\n\t\t\t\t\t<\/div>\n\t\t<\/div>\n\t\t\t\t\t<\/div>\n\t\t<\/section>\n\t\t\t\t<section class=\"elementor-section elementor-top-section elementor-element elementor-element-a6d0744 elementor-section-boxed elementor-section-height-default elementor-section-height-default\" data-id=\"a6d0744\" data-element_type=\"section\">\n\t\t\t\t\t\t<div class=\"elementor-container elementor-column-gap-default\">\n\t\t\t\t\t<div class=\"elementor-column elementor-col-33 elementor-top-column elementor-element elementor-element-921fe6c\" data-id=\"921fe6c\" data-element_type=\"column\">\n\t\t\t<div class=\"elementor-widget-wrap elementor-element-populated\">\n\t\t\t\t\t\t<div class=\"elementor-element elementor-element-1fe77b7 elementor-widget elementor-widget-image\" data-id=\"1fe77b7\" data-element_type=\"widget\" data-widget_type=\"image.default\">\n\t\t\t\t<div class=\"elementor-widget-container\">\n\t\t\t\t\t\t\t\t\t\t\t\t\t\t\t<img fetchpriority=\"high\" decoding=\"async\" width=\"800\" height=\"800\" src=\"https:\/\/easyfairsassets.com\/sites\/194\/2024\/07\/MichaelGore-1024x1024.jpg\" class=\"attachment-large size-large wp-image-31589\" alt=\"\" srcset=\"https:\/\/easyfairsassets.com\/sites\/194\/2024\/07\/MichaelGore-1024x1024.jpg 1024w, https:\/\/easyfairsassets.com\/sites\/194\/2024\/07\/MichaelGore-300x300.jpg 300w, https:\/\/easyfairsassets.com\/sites\/194\/2024\/07\/MichaelGore-150x150.jpg 150w, https:\/\/easyfairsassets.com\/sites\/194\/2024\/07\/MichaelGore-768x768.jpg 768w, https:\/\/easyfairsassets.com\/sites\/194\/2024\/07\/MichaelGore-1536x1536.jpg 1536w, https:\/\/easyfairsassets.com\/sites\/194\/2024\/07\/MichaelGore.jpg 1920w\" sizes=\"(max-width: 800px) 100vw, 800px\" \/>\t\t\t\t\t\t\t\t\t\t\t\t\t\t\t<\/div>\n\t\t\t\t<\/div>\n\t\t\t\t\t<\/div>\n\t\t<\/div>\n\t\t\t\t<div class=\"elementor-column elementor-col-66 elementor-top-column elementor-element elementor-element-9ac1867\" data-id=\"9ac1867\" data-element_type=\"column\">\n\t\t\t<div class=\"elementor-widget-wrap elementor-element-populated\">\n\t\t\t\t\t\t<div class=\"elementor-element elementor-element-b38966e elementor-widget elementor-widget-heading\" data-id=\"b38966e\" data-element_type=\"widget\" data-widget_type=\"heading.default\">\n\t\t\t\t<div class=\"elementor-widget-container\">\n\t\t\t\t\t<h6 class=\"elementor-heading-title elementor-size-default\">Quelle est la principale pr\u00e9occupation de la FEBEV actuellement ? <\/h6>\t\t\t\t<\/div>\n\t\t\t\t<\/div>\n\t\t\t\t<div class=\"elementor-element elementor-element-8e9e131 elementor-widget elementor-widget-text-editor\" data-id=\"8e9e131\" data-element_type=\"widget\" data-widget_type=\"text-editor.default\">\n\t\t\t\t<div class=\"elementor-widget-container\">\n\t\t\t\t\t\t\t\t\t<p>L&rsquo;un des gros chantiers &#8211; pour ne pas dire LE gros chantier &#8211; c\u2019est celui de la comp\u00e9titivit\u00e9 de nos entreprises. <br \/>Dans notre pays, les charges li\u00e9es au travail sont tr\u00e8s importantes et nous perdons notre place sur le march\u00e9 europ\u00e9en face \u00e0 d\u2019autres nations, comme l&rsquo;Espagne ou l&rsquo;Allemagne.<\/p>\t\t\t\t\t\t\t\t<\/div>\n\t\t\t\t<\/div>\n\t\t\t\t\t<\/div>\n\t\t<\/div>\n\t\t\t\t\t<\/div>\n\t\t<\/section>\n\t\t\t\t<section class=\"elementor-section elementor-top-section elementor-element elementor-element-e157855 elementor-section-boxed elementor-section-height-default elementor-section-height-default\" data-id=\"e157855\" data-element_type=\"section\">\n\t\t\t\t\t\t<div class=\"elementor-container elementor-column-gap-default\">\n\t\t\t\t\t<div class=\"elementor-column elementor-col-100 elementor-top-column elementor-element elementor-element-8d852b5\" data-id=\"8d852b5\" data-element_type=\"column\">\n\t\t\t<div class=\"elementor-widget-wrap elementor-element-populated\">\n\t\t\t\t\t\t<div class=\"elementor-element elementor-element-6772028 elementor-widget elementor-widget-text-editor\" data-id=\"6772028\" data-element_type=\"widget\" data-widget_type=\"text-editor.default\">\n\t\t\t\t<div class=\"elementor-widget-container\">\n\t\t\t\t\t\t\t\t\t<p>De plus, nous sommes face \u00e0 une p\u00e9nurie de main d\u2019\u0153uvre, qui n&rsquo;arrange rien et devrait nous pousser \u00e0 investir davantage dans l&rsquo;automatisation de ligne. <br \/>Bref, sur le march\u00e9 unique europ\u00e9en, nous constatons que nous ne sommes pas tous confront\u00e9s aux m\u00eames conditions. Il appartient donc au gouvernement d&rsquo;agir pour un march\u00e9 du travail plus \u00e9quitable, qui rendra nos entreprises plus comp\u00e9titives dans les d\u00e9marches commerciales internationales.<\/p>\t\t\t\t\t\t\t\t<\/div>\n\t\t\t\t<\/div>\n\t\t\t\t\t<\/div>\n\t\t<\/div>\n\t\t\t\t\t<\/div>\n\t\t<\/section>\n\t\t\t\t<section class=\"elementor-section elementor-top-section elementor-element elementor-element-a7d2b96 elementor-section-boxed elementor-section-height-default elementor-section-height-default\" data-id=\"a7d2b96\" data-element_type=\"section\">\n\t\t\t\t\t\t<div class=\"elementor-container elementor-column-gap-default\">\n\t\t\t\t\t<div class=\"elementor-column elementor-col-100 elementor-top-column elementor-element elementor-element-d3e5319\" data-id=\"d3e5319\" data-element_type=\"column\">\n\t\t\t<div class=\"elementor-widget-wrap elementor-element-populated\">\n\t\t\t\t\t\t<div class=\"elementor-element elementor-element-f198c21 elementor-widget elementor-widget-heading\" data-id=\"f198c21\" data-element_type=\"widget\" data-widget_type=\"heading.default\">\n\t\t\t\t<div class=\"elementor-widget-container\">\n\t\t\t\t\t<h6 class=\"elementor-heading-title elementor-size-default\">Y a-t-il d'autres chantiers importants pour le secteur de la viande ?<\/h6>\t\t\t\t<\/div>\n\t\t\t\t<\/div>\n\t\t\t\t<div class=\"elementor-element elementor-element-9e9b9c2 elementor-widget elementor-widget-text-editor\" data-id=\"9e9b9c2\" data-element_type=\"widget\" data-widget_type=\"text-editor.default\">\n\t\t\t\t<div class=\"elementor-widget-container\">\n\t\t\t\t\t\t\t\t\t<p>Bien entendu, en marge et en lien avec le chantier de la comp\u00e9titivit\u00e9, d\u2019autres priorit\u00e9s connexes requi\u00e8rent aussi toute notre attention, notamment l\u2019entr\u00e9e en vigueur prochaine de <strong>la r\u00e8glementation europ\u00e9enne EUDR, li\u00e9e \u00e0 la d\u00e9forestation<\/strong>. <br \/>L\u2019Union Europ\u00e9enne a d\u00e9fini toute une s\u00e9rie de r\u00e8gles qui valent pour des cultures telles que le soja, le cacao etc. mais qui touchent aussi la viande bovine. Concr\u00e8tement, \u00e0 partir de 2025, il faudra prouver que les bovins ont occup\u00e9 des p\u00e2tures qui ne rel\u00e8vent pas de terres sujettes \u00e0 la d\u00e9forestation. Or en Belgique, il n\u2019existe actuellement aucun outil pour d\u00e9montrer et garantir le respect de cette r\u00e9glementation, ce qui pr\u00e9occupe \u00e0 juste titre les organisations agricoles. Car le timing devient tr\u00e8s serr\u00e9 : lorsque le gouvernement rentrera de vacances et se mettra r\u00e9ellement en place, on sera d\u00e9j\u00e0 en septembre. C\u2019est tr\u00e8s tard par rapport \u00e0 2025 et \u00e0 l\u2019entr\u00e9e en vigueur de la r\u00e9glementation. Or si nos produits ne disposent pas de d\u00e9claration prouvant leur conformit\u00e9 avec ces nouvelles r\u00e8gles, les retailers ne seront pas en mesure de les commercialiser. Le politique doit s\u2019emparer de ce probl\u00e8me de toute urgence.<\/p><p>Il y a \u00e9galement une autre actualit\u00e9 qui nous pr\u00e9occupe et qui concerne l\u2019ensemble de la chaine de la viande : nous entrons dans la phase finale de <strong>la r\u00e9vision des expertises dans les abattoirs en Belgique<\/strong>, un travail qui a commenc\u00e9 en 2019 et qui va se terminer cette ann\u00e9e. Cette r\u00e9vision pr\u00e9voit notamment la participation de v\u00e9t\u00e9rinaires ind\u00e9pendants aux contr\u00f4les des abattoirs. Or, ceux-ci sont en sous-effectifs, et ils ont en outre \u00e9mis des revendications pour r\u00e9clamer des r\u00e9mun\u00e9rations plus \u00e9lev\u00e9es, en lien avec leur charge de travail. Cela va immanquablement impacter le prix du produit final.<\/p><p>Bref, dans ce contexte, notre demande principale est encore et toujours la comp\u00e9titivit\u00e9. Si \u00e0 tous les niveaux, il est exig\u00e9 que les produits de la viande soient respectueux des r\u00e8gles, des r\u00e9mun\u00e9rations, etc., il faut tenir compte des co\u00fbts li\u00e9s ces exigences et donc de l\u2019impact sur la comp\u00e9titivit\u00e9 de nos entreprises.<\/p><p>Enfin, je pointerais un dernier challenge, celui de <strong>la r\u00e9tention des connaissances<\/strong>. Un challenge li\u00e9 \u00e0 l&rsquo;\u00e9volution du march\u00e9 du travail vers plus de mobilit\u00e9 : il est rare aujourd\u2019hui qu\u2019une personne travaille toute sa vie au sein de la m\u00eame soci\u00e9t\u00e9. Ces mouvements sur le march\u00e9 du travail impliquent chaque fois une perte de connaissance \u00e0 gauche et \u00e0 droite et l\u2019enjeu pour les entreprises est de maintenir n\u00e9anmoins leur niveau d\u2019expertise. C\u2019est pourquoi, nous avons mis en place avec Alimento* toute une s\u00e9rie de formations pour que les personnes qui arrivent dans le secteur soient mieux inform\u00e9es et mieux form\u00e9es.<br \/><br \/><em>* Alimento est le fond de formation pour le comit\u00e9 paritaire 118, secteur de l\u2019Alimentaire.<\/em><\/p>\t\t\t\t\t\t\t\t<\/div>\n\t\t\t\t<\/div>\n\t\t\t\t\t<\/div>\n\t\t<\/div>\n\t\t\t\t\t<\/div>\n\t\t<\/section>\n\t\t\t\t<section class=\"elementor-section elementor-top-section elementor-element elementor-element-622f9c1 elementor-section-boxed elementor-section-height-default elementor-section-height-default\" data-id=\"622f9c1\" data-element_type=\"section\">\n\t\t\t\t\t\t<div class=\"elementor-container elementor-column-gap-default\">\n\t\t\t\t\t<div class=\"elementor-column elementor-col-100 elementor-top-column elementor-element elementor-element-8f4e7c3\" data-id=\"8f4e7c3\" data-element_type=\"column\">\n\t\t\t<div class=\"elementor-widget-wrap elementor-element-populated\">\n\t\t\t\t\t\t<div class=\"elementor-element elementor-element-57d96b7 elementor-widget elementor-widget-heading\" data-id=\"57d96b7\" data-element_type=\"widget\" data-widget_type=\"heading.default\">\n\t\t\t\t<div class=\"elementor-widget-container\">\n\t\t\t\t\t<h6 class=\"elementor-heading-title elementor-size-default\">Comment avez-vous d\u00e9fini ces chantiers ?<\/h6>\t\t\t\t<\/div>\n\t\t\t\t<\/div>\n\t\t\t\t<div class=\"elementor-element elementor-element-a638a4f elementor-widget elementor-widget-text-editor\" data-id=\"a638a4f\" data-element_type=\"widget\" data-widget_type=\"text-editor.default\">\n\t\t\t\t<div class=\"elementor-widget-container\">\n\t\t\t\t\t\t\t\t\t<p>Les projets ou objectifs \u00e0 moyen et long terme sont d\u00e9cid\u00e9s au niveau de notre conseil d\u2019administration. <br \/>Mais comme nous sommes plusieurs maillons dans une cha\u00eene, nous sommes aussi \u00e0 l\u2019\u00e9coute des autres. Nous sommes attentifs aux remont\u00e9es des manifestations dans d\u2019autres cha\u00eenes. Nous veillons \u00e9galement \u00e0 rester inform\u00e9s des remont\u00e9es issues des contr\u00f4les Afsca et d\u2019autres services d\u2019inspection. Et puis, nous sommes aussi bien entendu \u00e0 l\u2019\u00e9coute des retours du terrain. <br \/>Une id\u00e9e qui nous tient \u00e0 c\u0153ur c\u2019est l\u2019image du secteur. Nous y travaillons depuis plusieurs ann\u00e9es. On peut faire un maximum de promotion et multiplier les campagnes d\u2019image. Mais, on s\u2019aper\u00e7oit que sur le long terme, il est primordial de fournir des efforts sur le fond et pas uniquement sur l\u2019image. C\u2019est pourquoi \u00eatre \u00e0 l\u2019\u00e9coute et attentif est tr\u00e8s important pour la f\u00e9d\u00e9ration.<\/p>\t\t\t\t\t\t\t\t<\/div>\n\t\t\t\t<\/div>\n\t\t\t\t\t<\/div>\n\t\t<\/div>\n\t\t\t\t\t<\/div>\n\t\t<\/section>\n\t\t\t\t<section class=\"elementor-section elementor-top-section elementor-element elementor-element-92a44a3 elementor-section-boxed elementor-section-height-default elementor-section-height-default\" data-id=\"92a44a3\" data-element_type=\"section\">\n\t\t\t\t\t\t<div class=\"elementor-container elementor-column-gap-default\">\n\t\t\t\t\t<div class=\"elementor-column elementor-col-100 elementor-top-column elementor-element elementor-element-4cf2bfe\" data-id=\"4cf2bfe\" data-element_type=\"column\">\n\t\t\t<div class=\"elementor-widget-wrap elementor-element-populated\">\n\t\t\t\t\t\t<div class=\"elementor-element elementor-element-50eb371 elementor-widget elementor-widget-heading\" data-id=\"50eb371\" data-element_type=\"widget\" data-widget_type=\"heading.default\">\n\t\t\t\t<div class=\"elementor-widget-container\">\n\t\t\t\t\t<h6 class=\"elementor-heading-title elementor-size-default\">Quels sont les enjeux que le secteur de la viande souhaite voir \u00eatre trait\u00e9s par le nouveau gouvernement lors de la prochaine l\u00e9gislature ? <\/h6>\t\t\t\t<\/div>\n\t\t\t\t<\/div>\n\t\t\t\t<div class=\"elementor-element elementor-element-4c9a4aa elementor-widget elementor-widget-text-editor\" data-id=\"4c9a4aa\" data-element_type=\"widget\" data-widget_type=\"text-editor.default\">\n\t\t\t\t<div class=\"elementor-widget-container\">\n\t\t\t\t\t\t\t\t\t<p>Il y en a plusieurs. Un des premiers probl\u00e8mes est celui de <b>la peste porcine africaine<\/b> en Allemagne : nous recevons des messages toutes les semaines concernant la progression de la maladie. Il y a un risque de propagation en Belgique, qui pourrait compromettre tous les efforts fournis \u00e0 l\u2019export. Or en Belgique, avec le partage des comp\u00e9tences aux niveaux f\u00e9d\u00e9ral et r\u00e9gional, aucune mesure de vaccination ou autre n\u2019est actuellement mise en place. La chasse organis\u00e9e pourrait \u00eatre une solution. Mais il faudrait que les \u00e9changes entre les r\u00e9gions et le f\u00e9d\u00e9ral soient plus nombreux pour aboutir \u00e0 des d\u00e9cisions.<\/p><p>Bien entendu, comme d\u00e9j\u00e0 \u00e9voqu\u00e9, le gouvernement devra s\u2019atteler \u00e0 am\u00e9liorer la comp\u00e9titivit\u00e9. Avant les \u00e9lections, le secteur alimentaire a martel\u00e9 cette demande. Maintenant que les \u00e9lections sont pass\u00e9es, le gouvernement doit se mettre au travail.<\/p><p>Il y a aussi le dossier de <b>l\u2019alignement des contr\u00f4les<\/b>. Notre secteur se soumet \u00e0 de nombreux contr\u00f4les mais, cette fois encore, avec des divergences entre les r\u00e9gions, qui n\u2019ont pas toujours de sens pour des producteurs qui travaillent au niveau national et exportent hors des fronti\u00e8res belges. Par exemple, un producteur peut \u00e9lever du b\u00e9tail dans une r\u00e9gion et effectuer l\u2019abattage dans une autre avant de vendre ses produits ailleurs en Europe. Les diff\u00e9rences de r\u00e9gion en r\u00e9gion au niveau des contr\u00f4les ne facilitent pas les choses.<\/p><p>Le gouvernement devra aussi rester actif sur l&rsquo;important <b>dossier de la r\u00e9silience et de la continuit\u00e9 d\u2019approvisionnement <\/b>des march\u00e9s. \u00c0 la suite des diff\u00e9rentes crises, telles que le Covid ou encore l\u2019\u00e9clatement du conflit ukrainien, il y a eu un travail pour am\u00e9liorer la r\u00e9silience et s\u00e9curiser les approvisionnements nationaux. Dans le contexte actuel au niveau international, il est important de continuer ce travail. <br \/>En Belgique, nous avons certes une industrie qui est solide et forte. Mais pour \u00eatre r\u00e9silient, l\u2019id\u00e9al serait d\u2019avoir une solidarit\u00e9 et une meilleure coordination entre les Etats membres et r\u00e9gions d\u2019Europe. Le travail a commenc\u00e9 et doit se poursuivre.<\/p><p>Un dernier dossier, qui est li\u00e9 aussi \u00e0 la comp\u00e9titivit\u00e9 de notre secteur, est celui de la <b>p\u00e9nurie de main d\u2019\u0153uvre<\/b>. Nous sommes sur la liste des professions en p\u00e9nurie. Mais malheureusement, nous constatons qu\u2019il n\u2019y a pas vraiment de plans d\u2019actions, avec des r\u00e9sultats concrets et positifs pour les entreprises.<\/p>\t\t\t\t\t\t\t\t<\/div>\n\t\t\t\t<\/div>\n\t\t\t\t\t<\/div>\n\t\t<\/div>\n\t\t\t\t\t<\/div>\n\t\t<\/section>\n\t\t\t\t<section class=\"elementor-section elementor-top-section elementor-element elementor-element-8b1514c elementor-section-boxed elementor-section-height-default elementor-section-height-default\" data-id=\"8b1514c\" data-element_type=\"section\">\n\t\t\t\t\t\t<div class=\"elementor-container elementor-column-gap-default\">\n\t\t\t\t\t<div class=\"elementor-column elementor-col-100 elementor-top-column elementor-element elementor-element-48fd9c5\" data-id=\"48fd9c5\" data-element_type=\"column\">\n\t\t\t<div class=\"elementor-widget-wrap elementor-element-populated\">\n\t\t\t\t\t\t<div class=\"elementor-element elementor-element-0437238 elementor-widget elementor-widget-heading\" data-id=\"0437238\" data-element_type=\"widget\" data-widget_type=\"heading.default\">\n\t\t\t\t<div class=\"elementor-widget-container\">\n\t\t\t\t\t<h6 class=\"elementor-heading-title elementor-size-default\">Id\u00e9alement, comment souhaitez-vous collaborer avec les autorit\u00e9s sur ces dossiers durant la prochaine l\u00e9gislature ?<\/h6>\t\t\t\t<\/div>\n\t\t\t\t<\/div>\n\t\t\t\t<div class=\"elementor-element elementor-element-1f25b6a elementor-widget elementor-widget-text-editor\" data-id=\"1f25b6a\" data-element_type=\"widget\" data-widget_type=\"text-editor.default\">\n\t\t\t\t<div class=\"elementor-widget-container\">\n\t\t\t\t\t\t\t\t\t<p>Cette collaboration, je la r\u00e9sumerais en un mot\u00a0: <strong>cocr\u00e9ation<\/strong>. \u00a0<br \/>Ces derni\u00e8res ann\u00e9es, on a eu trop de \u00ab\u00a0top down\u00a0\u00bb, avec des r\u00e9glementations impos\u00e9es aux entreprises. Nous devrions \u00e9voluer vers plus de concertation. Dans certains dossiers, m\u00eame et surtout les plus \u00e9pineux et difficiles, il ne faut pas oublier d\u2019inclure les entreprises dans les \u00e9changes et les d\u00e9marches.<\/p>\t\t\t\t\t\t\t\t<\/div>\n\t\t\t\t<\/div>\n\t\t\t\t\t<\/div>\n\t\t<\/div>\n\t\t\t\t\t<\/div>\n\t\t<\/section>\n\t\t\t\t<section class=\"elementor-section elementor-top-section elementor-element elementor-element-57004b82 elementor-section-boxed elementor-section-height-default elementor-section-height-default elementor-invisible\" data-id=\"57004b82\" data-element_type=\"section\" data-settings=\"{&quot;background_background&quot;:&quot;classic&quot;,&quot;animation&quot;:&quot;headShake&quot;}\">\n\t\t\t\t\t\t<div class=\"elementor-container elementor-column-gap-default\">\n\t\t\t\t\t<div class=\"elementor-column elementor-col-100 elementor-top-column elementor-element elementor-element-7b3f0213\" data-id=\"7b3f0213\" data-element_type=\"column\">\n\t\t\t<div class=\"elementor-widget-wrap elementor-element-populated\">\n\t\t\t\t\t\t<div class=\"elementor-element elementor-element-72df0ba1 elementor-widget elementor-widget-text-editor\" data-id=\"72df0ba1\" data-element_type=\"widget\" data-widget_type=\"text-editor.default\">\n\t\t\t\t<div class=\"elementor-widget-container\">\n\t\t\t\t\t\t\t\t\t<h1>Plus d&rsquo;inspiration et d&rsquo;infos savoureuses d\u00e9di\u00e9es au food retail et aux m\u00e9tiers de bouche ?<\/h1>\t\t\t\t\t\t\t\t<\/div>\n\t\t\t\t<\/div>\n\t\t\t\t<div class=\"elementor-element elementor-element-e5adc8b elementor-align-center elementor-widget elementor-widget-button\" data-id=\"e5adc8b\" data-element_type=\"widget\" data-widget_type=\"button.default\">\n\t\t\t\t<div class=\"elementor-widget-container\">\n\t\t\t\t\t\t\t\t\t<div class=\"elementor-button-wrapper\">\n\t\t\t\t\t<a class=\"elementor-button elementor-button-link elementor-size-md\" href=\"https:\/\/www.saveurs-metiers.be\/fr\/newsletter\/\">\n\t\t\t\t\t\t<span class=\"elementor-button-content-wrapper\">\n\t\t\t\t\t\t<span class=\"elementor-button-icon\">\n\t\t\t\t<svg aria-hidden=\"true\" class=\"e-font-icon-svg e-far-envelope-open\" viewBox=\"0 0 512 512\" xmlns=\"http:\/\/www.w3.org\/2000\/svg\"><path d=\"M494.586 164.516c-4.697-3.883-111.723-89.95-135.251-108.657C337.231 38.191 299.437 0 256 0c-43.205 0-80.636 37.717-103.335 55.859-24.463 19.45-131.07 105.195-135.15 108.549A48.004 48.004 0 0 0 0 201.485V464c0 26.51 21.49 48 48 48h416c26.51 0 48-21.49 48-48V201.509a48 48 0 0 0-17.414-36.993zM464 458a6 6 0 0 1-6 6H54a6 6 0 0 1-6-6V204.347c0-1.813.816-3.526 2.226-4.665 15.87-12.814 108.793-87.554 132.364-106.293C200.755 78.88 232.398 48 256 48c23.693 0 55.857 31.369 73.41 45.389 23.573 18.741 116.503 93.493 132.366 106.316a5.99 5.99 0 0 1 2.224 4.663V458zm-31.991-187.704c4.249 5.159 3.465 12.795-1.745 16.981-28.975 23.283-59.274 47.597-70.929 56.863C336.636 362.283 299.205 400 256 400c-43.452 0-81.287-38.237-103.335-55.86-11.279-8.967-41.744-33.413-70.927-56.865-5.21-4.187-5.993-11.822-1.745-16.981l15.258-18.528c4.178-5.073 11.657-5.843 16.779-1.726 28.618 23.001 58.566 47.035 70.56 56.571C200.143 320.631 232.307 352 256 352c23.602 0 55.246-30.88 73.41-45.389 11.994-9.535 41.944-33.57 70.563-56.568 5.122-4.116 12.601-3.346 16.778 1.727l15.258 18.526z\"><\/path><\/svg>\t\t\t<\/span>\n\t\t\t\t\t\t\t\t\t<span class=\"elementor-button-text\">Inscrivez-vous \u00e0 la newsletter Saveurs &amp; M\u00e9tiers<\/span>\n\t\t\t\t\t<\/span>\n\t\t\t\t\t<\/a>\n\t\t\t\t<\/div>\n\t\t\t\t\t\t\t\t<\/div>\n\t\t\t\t<\/div>\n\t\t\t\t\t<\/div>\n\t\t<\/div>\n\t\t\t\t\t<\/div>\n\t\t<\/section>\n\t\t\t\t<\/div>\n\t\t","protected":false},"excerpt":{"rendered":"<p>Interview de <strong>Michael Gore, Managing Director de la FEBEV<\/strong>, propos\u00e9e en collaboration avec Vincent Panneels, <a href=\"https:\/\/20100retail.be\/fr\/accueil\" target=\"_blank\" rel=\"noopener\">20\/CENT Retail<\/a>.<\/p>\n<p>Poursuivons notre s\u00e9rie d\u2019entretiens entam\u00e9e \u00e0 la suite des \u00e9lections l\u00e9gislatives de juin et continuons \u00e0 prendre le pouls du c\u00f4t\u00e9 des organismes et f\u00e9d\u00e9rations du secteur alimentaire, afin de conna\u00eetre leurs priorit\u00e9s, perspectives et attentes \u00e0 l\u2019\u00e9gard des nouveaux gouvernements. Michael Gore, Managing Director de la FEBEV (F\u00e9d\u00e9ration belge de la Viande) s\u2019est pr\u00eat\u00e9 au jeu.<\/p>\n","protected":false},"author":179,"featured_media":31585,"comment_status":"closed","ping_status":"open","sticky":false,"template":"","format":"standard","meta":{"_seopress_robots_primary_cat":"none","_seopress_titles_title":"","_seopress_titles_desc":"","_seopress_robots_index":"","footnotes":""},"categories":[1],"tags":[],"edition":[],"class_list":["post-31582","post","type-post","status-publish","format-standard","has-post-thumbnail","hentry","category-non-classifiee"],"_links":{"self":[{"href":"https:\/\/www.saveurs-metiers.be\/fr\/wp-json\/wp\/v2\/posts\/31582","targetHints":{"allow":["GET"]}}],"collection":[{"href":"https:\/\/www.saveurs-metiers.be\/fr\/wp-json\/wp\/v2\/posts"}],"about":[{"href":"https:\/\/www.saveurs-metiers.be\/fr\/wp-json\/wp\/v2\/types\/post"}],"author":[{"embeddable":true,"href":"https:\/\/www.saveurs-metiers.be\/fr\/wp-json\/wp\/v2\/users\/179"}],"replies":[{"embeddable":true,"href":"https:\/\/www.saveurs-metiers.be\/fr\/wp-json\/wp\/v2\/comments?post=31582"}],"version-history":[{"count":5,"href":"https:\/\/www.saveurs-metiers.be\/fr\/wp-json\/wp\/v2\/posts\/31582\/revisions"}],"predecessor-version":[{"id":31608,"href":"https:\/\/www.saveurs-metiers.be\/fr\/wp-json\/wp\/v2\/posts\/31582\/revisions\/31608"}],"wp:featuredmedia":[{"embeddable":true,"href":"https:\/\/www.saveurs-metiers.be\/fr\/wp-json\/wp\/v2\/media\/31585"}],"wp:attachment":[{"href":"https:\/\/www.saveurs-metiers.be\/fr\/wp-json\/wp\/v2\/media?parent=31582"}],"wp:term":[{"taxonomy":"category","embeddable":true,"href":"https:\/\/www.saveurs-metiers.be\/fr\/wp-json\/wp\/v2\/categories?post=31582"},{"taxonomy":"post_tag","embeddable":true,"href":"https:\/\/www.saveurs-metiers.be\/fr\/wp-json\/wp\/v2\/tags?post=31582"},{"taxonomy":"edition","embeddable":true,"href":"https:\/\/www.saveurs-metiers.be\/fr\/wp-json\/wp\/v2\/edition?post=31582"}],"curies":[{"name":"wp","href":"https:\/\/api.w.org\/{rel}","templated":true}]}}