{"id":31570,"date":"2024-07-12T12:40:18","date_gmt":"2024-07-12T10:40:18","guid":{"rendered":"https:\/\/www.saveurs-metiers.be\/?p=31570"},"modified":"2024-07-15T08:26:45","modified_gmt":"2024-07-15T06:26:45","slug":"nous-devons-parvenir-a-orienter-le-consommateur-vers-des-comportements-durables-et-des-produits-locaux","status":"publish","type":"post","link":"https:\/\/www.saveurs-metiers.be\/fr\/nous-devons-parvenir-a-orienter-le-consommateur-vers-des-comportements-durables-et-des-produits-locaux\/","title":{"rendered":"\u00ab Nous devons parvenir \u00e0 orienter le consommateur vers des comportements durables et des produits locaux \u00bb"},"content":{"rendered":"\t\t<div data-elementor-type=\"wp-post\" data-elementor-id=\"31570\" class=\"elementor elementor-31570\" data-elementor-post-type=\"post\">\n\t\t\t\t\t\t<section class=\"elementor-section elementor-top-section elementor-element elementor-element-b922484 elementor-section-boxed elementor-section-height-default elementor-section-height-default\" data-id=\"b922484\" data-element_type=\"section\">\n\t\t\t\t\t\t<div class=\"elementor-container elementor-column-gap-default\">\n\t\t\t\t\t<div class=\"elementor-column elementor-col-100 elementor-top-column elementor-element elementor-element-f073e30\" data-id=\"f073e30\" data-element_type=\"column\">\n\t\t\t<div class=\"elementor-widget-wrap elementor-element-populated\">\n\t\t\t\t\t\t<div class=\"elementor-element elementor-element-d08c4ce elementor-widget elementor-widget-text-editor\" data-id=\"d08c4ce\" data-element_type=\"widget\" data-widget_type=\"text-editor.default\">\n\t\t\t\t<div class=\"elementor-widget-container\">\n\t\t\t\t\t\t\t\t\t<p>Interview propos\u00e9e en collaboration avec Vincent Panneels, <a href=\"https:\/\/20100retail.be\/fr\/accueil\" target=\"_blank\" rel=\"noopener\">20\/CENT Retail<\/a>.<\/p><p>\u00c0 la suite des \u00e9lections l\u00e9gislatives de juin, il nous semblait int\u00e9ressant de prendre connaissance des attentes de certains acteurs par rapport aux nouveaux gouvernements. C\u2019est pourquoi nous avons interrog\u00e9 quelques organismes et f\u00e9d\u00e9rations pour nous partager leurs avis, priorit\u00e9s et perspectives. D\u00e9couvrez le premier entretien de cette s\u00e9rie, avec <strong>Philippe Mattart, Directeur G\u00e9n\u00e9ral de l\u2019APAQ-W<\/strong>.<\/p>\t\t\t\t\t\t\t\t<\/div>\n\t\t\t\t<\/div>\n\t\t\t\t\t<\/div>\n\t\t<\/div>\n\t\t\t\t\t<\/div>\n\t\t<\/section>\n\t\t\t\t<section class=\"elementor-section elementor-top-section elementor-element elementor-element-35ef236 elementor-section-boxed elementor-section-height-default elementor-section-height-default\" data-id=\"35ef236\" data-element_type=\"section\">\n\t\t\t\t\t\t<div class=\"elementor-container elementor-column-gap-default\">\n\t\t\t\t\t<div class=\"elementor-column elementor-col-33 elementor-top-column elementor-element elementor-element-aca7e49\" data-id=\"aca7e49\" data-element_type=\"column\">\n\t\t\t<div class=\"elementor-widget-wrap elementor-element-populated\">\n\t\t\t\t\t\t<div class=\"elementor-element elementor-element-bcbbc15 elementor-widget elementor-widget-image\" data-id=\"bcbbc15\" data-element_type=\"widget\" data-widget_type=\"image.default\">\n\t\t\t\t<div class=\"elementor-widget-container\">\n\t\t\t\t\t\t\t\t\t\t\t\t\t\t\t<img fetchpriority=\"high\" decoding=\"async\" width=\"683\" height=\"1024\" src=\"https:\/\/easyfairsassets.com\/sites\/194\/2024\/07\/PhilippeMattart-683x1024.jpg\" class=\"attachment-large size-large wp-image-31577\" alt=\"\" srcset=\"https:\/\/easyfairsassets.com\/sites\/194\/2024\/07\/PhilippeMattart-683x1024.jpg 683w, https:\/\/easyfairsassets.com\/sites\/194\/2024\/07\/PhilippeMattart-200x300.jpg 200w, https:\/\/easyfairsassets.com\/sites\/194\/2024\/07\/PhilippeMattart-768x1152.jpg 768w, https:\/\/easyfairsassets.com\/sites\/194\/2024\/07\/PhilippeMattart-1024x1536.jpg 1024w, https:\/\/easyfairsassets.com\/sites\/194\/2024\/07\/PhilippeMattart.jpg 1280w\" sizes=\"(max-width: 683px) 100vw, 683px\" \/>\t\t\t\t\t\t\t\t\t\t\t\t\t\t\t<\/div>\n\t\t\t\t<\/div>\n\t\t\t\t\t<\/div>\n\t\t<\/div>\n\t\t\t\t<div class=\"elementor-column elementor-col-66 elementor-top-column elementor-element elementor-element-c8df5df\" data-id=\"c8df5df\" data-element_type=\"column\">\n\t\t\t<div class=\"elementor-widget-wrap elementor-element-populated\">\n\t\t\t\t\t\t<div class=\"elementor-element elementor-element-a9033e4 elementor-widget elementor-widget-heading\" data-id=\"a9033e4\" data-element_type=\"widget\" data-widget_type=\"heading.default\">\n\t\t\t\t<div class=\"elementor-widget-container\">\n\t\t\t\t\t<h6 class=\"elementor-heading-title elementor-size-default\">Avez-vous des attentes en vue de la nouvelle l\u00e9gislature ?<\/h6>\t\t\t\t<\/div>\n\t\t\t\t<\/div>\n\t\t\t\t<div class=\"elementor-element elementor-element-54a31ee elementor-widget elementor-widget-text-editor\" data-id=\"54a31ee\" data-element_type=\"widget\" data-widget_type=\"text-editor.default\">\n\t\t\t\t<div class=\"elementor-widget-container\">\n\t\t\t\t\t\t\t\t\t<p>Tout d\u2019abord, pr\u00e9cisons que l\u2019APAQ-W est une administration au service du gouvernement. A ce titre, son r\u00f4le est de faire des recommandations et d\u2019attirer l\u2019attention sur certains points de vigilance, notamment les budgets et les moyens existants. Nous nous attendons \u00e0 ce que ces budgets soient peut-\u00eatre moins importants dans un avenir proche et notre approche, en cons\u00e9quence, est d\u2019encourager une logique usager en nous posant la question : <strong>comment exercer notre r\u00f4le et au travers de quels outils ?<\/strong> C\u2019est d\u2019ailleurs l\u2019objet de notre <em>Position Paper<\/em>, un document dans lequel nous listons un certain nombre de points d\u2019attention.<\/p>\t\t\t\t\t\t\t\t<\/div>\n\t\t\t\t<\/div>\n\t\t\t\t\t<\/div>\n\t\t<\/div>\n\t\t\t\t\t<\/div>\n\t\t<\/section>\n\t\t\t\t<section class=\"elementor-section elementor-top-section elementor-element elementor-element-cfe6822 elementor-section-boxed elementor-section-height-default elementor-section-height-default\" data-id=\"cfe6822\" data-element_type=\"section\">\n\t\t\t\t\t\t<div class=\"elementor-container elementor-column-gap-default\">\n\t\t\t\t\t<div class=\"elementor-column elementor-col-100 elementor-top-column elementor-element elementor-element-ad0d5f9\" data-id=\"ad0d5f9\" data-element_type=\"column\">\n\t\t\t<div class=\"elementor-widget-wrap elementor-element-populated\">\n\t\t\t\t\t\t<div class=\"elementor-element elementor-element-d4dd221 elementor-widget elementor-widget-heading\" data-id=\"d4dd221\" data-element_type=\"widget\" data-widget_type=\"heading.default\">\n\t\t\t\t<div class=\"elementor-widget-container\">\n\t\t\t\t\t<h6 class=\"elementor-heading-title elementor-size-default\">Pouvez-vous nous en dire plus sur le contenu de votre Position Paper ? <\/h6>\t\t\t\t<\/div>\n\t\t\t\t<\/div>\n\t\t\t\t<div class=\"elementor-element elementor-element-ba636d1 elementor-widget elementor-widget-text-editor\" data-id=\"ba636d1\" data-element_type=\"widget\" data-widget_type=\"text-editor.default\">\n\t\t\t\t<div class=\"elementor-widget-container\">\n\t\t\t\t\t\t\t\t\t<p>Nous sommes conscients d&rsquo;\u00eatre dans un \u00e9cosyst\u00e8me \u00e0 plusieurs dimensions : \u00e9conomiques, environnementales, soci\u00e9tales, etc. Et nous devons \u00e9couter cet \u00e9cosyst\u00e8me. Dans notre document <em>Position Paper<\/em>, nous pointons <strong>quelques grandes tendances ou <em>megatrends<\/em> impossibles \u00e0 contourner : par exemple, la durabilit\u00e9 ou encore la digitalisation<\/strong>. C\u2019est donc avec cette \u00e9tude documentaire n\u00e9cessaire que nous pouvons nous positionner.<br \/>Ensuite, nous nous sommes interrog\u00e9s sur nos priorit\u00e9s pour remplir nos missions de service public. Avec les autres organismes, on ne peut pas chacun tirer en ordre dispers\u00e9, mettre en oeuvre des projets chacun de notre c\u00f4t\u00e9.\u00a0 Ce serait l\u00e0 un vrai gaspillage de moyens si d\u2019autres organismes parapublics faisaient la m\u00eame chose. Nous devons mener des politiques convergentes, aligner les strat\u00e9gies avec d\u2019autres op\u00e9rateurs.<\/p>\t\t\t\t\t\t\t\t<\/div>\n\t\t\t\t<\/div>\n\t\t\t\t\t<\/div>\n\t\t<\/div>\n\t\t\t\t\t<\/div>\n\t\t<\/section>\n\t\t\t\t<section class=\"elementor-section elementor-top-section elementor-element elementor-element-a2bfce4 elementor-section-boxed elementor-section-height-default elementor-section-height-default\" data-id=\"a2bfce4\" data-element_type=\"section\">\n\t\t\t\t\t\t<div class=\"elementor-container elementor-column-gap-default\">\n\t\t\t\t\t<div class=\"elementor-column elementor-col-100 elementor-top-column elementor-element elementor-element-39dca7e\" data-id=\"39dca7e\" data-element_type=\"column\">\n\t\t\t<div class=\"elementor-widget-wrap elementor-element-populated\">\n\t\t\t\t\t\t<div class=\"elementor-element elementor-element-051d8d3 elementor-widget elementor-widget-heading\" data-id=\"051d8d3\" data-element_type=\"widget\" data-widget_type=\"heading.default\">\n\t\t\t\t<div class=\"elementor-widget-container\">\n\t\t\t\t\t<h6 class=\"elementor-heading-title elementor-size-default\">En allant plus en d\u00e9tails et peut-\u00eatre en citant quelques exemples, quels sont les r\u00f4les que l\u2019APAQ-W peut jouer ?<\/h6>\t\t\t\t<\/div>\n\t\t\t\t<\/div>\n\t\t\t\t<div class=\"elementor-element elementor-element-0a3eb06 elementor-widget elementor-widget-text-editor\" data-id=\"0a3eb06\" data-element_type=\"widget\" data-widget_type=\"text-editor.default\">\n\t\t\t\t<div class=\"elementor-widget-container\">\n\t\t\t\t\t\t\t\t\t<p>En fait, on attend de nous <strong>une expertise et une maitrise des connaissances des march\u00e9s<\/strong>. Nous avons notre observatoire qui joue ce r\u00f4le et auquel d\u2019autres entreprises font aussi appel. <br \/>On attend de nous \u00e9galement des <strong>outils d\u2019animation du march\u00e9. <\/strong>Nous avons d&rsquo;ailleurs souvent travaill\u00e9 par le biais de campagnes de promotion. Mais nous souhaitons des outils p\u00e9rennes. Une campagne a une dur\u00e9e d\u00e9finie et quand elle prend fin, il en faut une autre. <br \/>Avec des moyens et des budgets qui diminuent parfois, nous avons d\u00e9velopp\u00e9 derni\u00e8rement des plateformes qui ne sont pas soumises \u00e0 une limite dans le temps : la plateforme <a href=\"https:\/\/jecuisinelocal.be\/\" target=\"_blank\" rel=\"noopener\">Jecuisinelocal.be<\/a> pour le B2C et la plateforme <a href=\"https:\/\/jecliquelocal.be\/\" target=\"_blank\" rel=\"noopener\">jecliquelocal.be<\/a> pour le B2B. Ces <strong>plateformes d\u2019informations et m\u00eame de matching entre offre et demande<\/strong>, vont continuer \u00e0 \u00eatre d\u00e9velopp\u00e9es. <br \/>Enfin, nous avons des r\u00e9seaux qui cr\u00e9ent de la valeur. Nous organisons des animations qui permettent \u00e0 des producteurs locaux de venir en magasin pr\u00e9senter leurs produits, etc. <\/p>\t\t\t\t\t\t\t\t<\/div>\n\t\t\t\t<\/div>\n\t\t\t\t\t<\/div>\n\t\t<\/div>\n\t\t\t\t\t<\/div>\n\t\t<\/section>\n\t\t\t\t<section class=\"elementor-section elementor-top-section elementor-element elementor-element-8d3a26a elementor-section-boxed elementor-section-height-default elementor-section-height-default\" data-id=\"8d3a26a\" data-element_type=\"section\">\n\t\t\t\t\t\t<div class=\"elementor-container elementor-column-gap-default\">\n\t\t\t\t\t<div class=\"elementor-column elementor-col-100 elementor-top-column elementor-element elementor-element-7eca75c\" data-id=\"7eca75c\" data-element_type=\"column\">\n\t\t\t<div class=\"elementor-widget-wrap elementor-element-populated\">\n\t\t\t\t\t\t<div class=\"elementor-element elementor-element-86e394e elementor-widget elementor-widget-heading\" data-id=\"86e394e\" data-element_type=\"widget\" data-widget_type=\"heading.default\">\n\t\t\t\t<div class=\"elementor-widget-container\">\n\t\t\t\t\t<h6 class=\"elementor-heading-title elementor-size-default\">Et qu\u2019en est-il des engagements \u00e0 prendre au niveau de la production et de la distribution ? <\/h6>\t\t\t\t<\/div>\n\t\t\t\t<\/div>\n\t\t\t\t<div class=\"elementor-element elementor-element-5e0b5d4 elementor-widget elementor-widget-text-editor\" data-id=\"5e0b5d4\" data-element_type=\"widget\" data-widget_type=\"text-editor.default\">\n\t\t\t\t<div class=\"elementor-widget-container\">\n\t\t\t\t\t\t\t\t\t<p>Nous avons propos\u00e9 au gouvernement de regarder comment les aides d\u2019Etat sont valoris\u00e9es au niveau europ\u00e9en et de veiller \u00e0 ce que les balises europ\u00e9ennes ne soient pas contreproductives en emp\u00eachant les Etats de d\u00e9velopper leurs march\u00e9s locaux. <br \/>Nous souhaitons \u00e9galement une approche \u00e9conomique et soci\u00e9tale de l\u2019agriculture locale. Plut\u00f4t que de se dire que demain, il n\u2019y aura que des circuits courts, il faut se dire que demain, il y aura des offres inclusives. Cette approche inclusive des op\u00e9rateurs \u00e9conomiques pr\u00e9sents dans la cha\u00eene de valeur nous semble essentielle.\u00a0<br \/>Le secteur de la production agricole doit \u00e9galement innover, \u00e0 travers la cr\u00e9ation d\u2019avantages concurrentiels. Il y a la diff\u00e9rentiation mais on ne va pas se d\u00e9velopper uniquement par celle-ci. Pensons au Label Rouge, c\u00f4t\u00e9 fran\u00e7ais, bien connu et salu\u00e9 pour les chiffres d\u2019affaires qu\u2019il connait. <strong>En Wallonie, il existe plusieurs labels qui ne sont pas assez connus des consommateurs.<\/strong> Il faut donc continuer de montrer que des produits avec des labels diff\u00e9renti\u00e9s et des cahiers des charges s\u00e9rieux existent aussi chez nous.<\/p><p>Et d\u2019une mani\u00e8re g\u00e9n\u00e9rale, il est important d\u2019\u00e9voluer vers des mod\u00e8les d\u2019\u00e9conomies comportementales. <strong>Nous devons parvenir \u00e0 orienter le consommateur vers des comportements durables et des produits locaux, tout en respectant son pouvoir d\u2019achat.<\/strong> Concr\u00e8tement : il nous faut expliquer quel est le b\u00e9n\u00e9fice des achats locaux et sensibiliser au fait qu\u2019il n\u2019est pas plus cher de consommer local ou bio. Le consommateur doit comprendre que ce comportement est bon pour la soci\u00e9t\u00e9. <\/p>\t\t\t\t\t\t\t\t<\/div>\n\t\t\t\t<\/div>\n\t\t\t\t\t<\/div>\n\t\t<\/div>\n\t\t\t\t\t<\/div>\n\t\t<\/section>\n\t\t\t\t<section class=\"elementor-section elementor-top-section elementor-element elementor-element-7fce1597 elementor-section-boxed elementor-section-height-default elementor-section-height-default elementor-invisible\" data-id=\"7fce1597\" data-element_type=\"section\" data-settings=\"{&quot;background_background&quot;:&quot;classic&quot;,&quot;animation&quot;:&quot;headShake&quot;}\">\n\t\t\t\t\t\t<div class=\"elementor-container elementor-column-gap-default\">\n\t\t\t\t\t<div class=\"elementor-column elementor-col-100 elementor-top-column elementor-element elementor-element-3cb02a3d\" data-id=\"3cb02a3d\" data-element_type=\"column\">\n\t\t\t<div class=\"elementor-widget-wrap elementor-element-populated\">\n\t\t\t\t\t\t<div class=\"elementor-element elementor-element-44fef03b elementor-widget elementor-widget-text-editor\" data-id=\"44fef03b\" data-element_type=\"widget\" data-widget_type=\"text-editor.default\">\n\t\t\t\t<div class=\"elementor-widget-container\">\n\t\t\t\t\t\t\t\t\t<h1>Plus d&rsquo;inspiration et d&rsquo;infos savoureuses d\u00e9di\u00e9es au food retail et aux m\u00e9tiers de bouche ?<\/h1>\t\t\t\t\t\t\t\t<\/div>\n\t\t\t\t<\/div>\n\t\t\t\t<div class=\"elementor-element elementor-element-272a2ee8 elementor-align-center elementor-widget elementor-widget-button\" data-id=\"272a2ee8\" data-element_type=\"widget\" data-widget_type=\"button.default\">\n\t\t\t\t<div class=\"elementor-widget-container\">\n\t\t\t\t\t\t\t\t\t<div class=\"elementor-button-wrapper\">\n\t\t\t\t\t<a class=\"elementor-button elementor-button-link elementor-size-md\" href=\"https:\/\/www.saveurs-metiers.be\/fr\/newsletter\/\">\n\t\t\t\t\t\t<span class=\"elementor-button-content-wrapper\">\n\t\t\t\t\t\t<span class=\"elementor-button-icon\">\n\t\t\t\t<svg aria-hidden=\"true\" class=\"e-font-icon-svg e-far-envelope-open\" viewBox=\"0 0 512 512\" xmlns=\"http:\/\/www.w3.org\/2000\/svg\"><path d=\"M494.586 164.516c-4.697-3.883-111.723-89.95-135.251-108.657C337.231 38.191 299.437 0 256 0c-43.205 0-80.636 37.717-103.335 55.859-24.463 19.45-131.07 105.195-135.15 108.549A48.004 48.004 0 0 0 0 201.485V464c0 26.51 21.49 48 48 48h416c26.51 0 48-21.49 48-48V201.509a48 48 0 0 0-17.414-36.993zM464 458a6 6 0 0 1-6 6H54a6 6 0 0 1-6-6V204.347c0-1.813.816-3.526 2.226-4.665 15.87-12.814 108.793-87.554 132.364-106.293C200.755 78.88 232.398 48 256 48c23.693 0 55.857 31.369 73.41 45.389 23.573 18.741 116.503 93.493 132.366 106.316a5.99 5.99 0 0 1 2.224 4.663V458zm-31.991-187.704c4.249 5.159 3.465 12.795-1.745 16.981-28.975 23.283-59.274 47.597-70.929 56.863C336.636 362.283 299.205 400 256 400c-43.452 0-81.287-38.237-103.335-55.86-11.279-8.967-41.744-33.413-70.927-56.865-5.21-4.187-5.993-11.822-1.745-16.981l15.258-18.528c4.178-5.073 11.657-5.843 16.779-1.726 28.618 23.001 58.566 47.035 70.56 56.571C200.143 320.631 232.307 352 256 352c23.602 0 55.246-30.88 73.41-45.389 11.994-9.535 41.944-33.57 70.563-56.568 5.122-4.116 12.601-3.346 16.778 1.727l15.258 18.526z\"><\/path><\/svg>\t\t\t<\/span>\n\t\t\t\t\t\t\t\t\t<span class=\"elementor-button-text\">Inscrivez-vous \u00e0 la newsletter Saveurs &amp; M\u00e9tiers<\/span>\n\t\t\t\t\t<\/span>\n\t\t\t\t\t<\/a>\n\t\t\t\t<\/div>\n\t\t\t\t\t\t\t\t<\/div>\n\t\t\t\t<\/div>\n\t\t\t\t\t<\/div>\n\t\t<\/div>\n\t\t\t\t\t<\/div>\n\t\t<\/section>\n\t\t\t\t<\/div>\n\t\t","protected":false},"excerpt":{"rendered":"<p>Interview de <strong>Philippe Mattart, Directeur G\u00e9n\u00e9ral de l\u2019APAQ-W<\/strong>, propos\u00e9e en collaboration avec Vincent Panneels, <a href=\"https:\/\/20100retail.be\/fr\/accueil\" target=\"_blank\" rel=\"noopener\">20\/CENT Retail<\/a>.<br \/>\n\u00c0 la suite des \u00e9lections l\u00e9gislatives de juin, il nous semblait int\u00e9ressant de prendre connaissance des attentes de certains acteurs par rapport aux nouveaux gouvernements. C\u2019est pourquoi nous avons interrog\u00e9 quelques organismes et f\u00e9d\u00e9rations pour nous partager leurs avis, priorit\u00e9s et perspectives. D\u00e9couvrez le premier entretien de cette s\u00e9rie, avec Philippe Mattart, Directeur G\u00e9n\u00e9ral de l\u2019APAQ-W.<\/p>\n","protected":false},"author":179,"featured_media":31573,"comment_status":"closed","ping_status":"open","sticky":false,"template":"","format":"standard","meta":{"_seopress_robots_primary_cat":"none","_seopress_titles_title":"","_seopress_titles_desc":"","_seopress_robots_index":"","footnotes":""},"categories":[1],"tags":[],"edition":[],"class_list":["post-31570","post","type-post","status-publish","format-standard","has-post-thumbnail","hentry","category-non-classifiee"],"_links":{"self":[{"href":"https:\/\/www.saveurs-metiers.be\/fr\/wp-json\/wp\/v2\/posts\/31570","targetHints":{"allow":["GET"]}}],"collection":[{"href":"https:\/\/www.saveurs-metiers.be\/fr\/wp-json\/wp\/v2\/posts"}],"about":[{"href":"https:\/\/www.saveurs-metiers.be\/fr\/wp-json\/wp\/v2\/types\/post"}],"author":[{"embeddable":true,"href":"https:\/\/www.saveurs-metiers.be\/fr\/wp-json\/wp\/v2\/users\/179"}],"replies":[{"embeddable":true,"href":"https:\/\/www.saveurs-metiers.be\/fr\/wp-json\/wp\/v2\/comments?post=31570"}],"version-history":[{"count":5,"href":"https:\/\/www.saveurs-metiers.be\/fr\/wp-json\/wp\/v2\/posts\/31570\/revisions"}],"predecessor-version":[{"id":31602,"href":"https:\/\/www.saveurs-metiers.be\/fr\/wp-json\/wp\/v2\/posts\/31570\/revisions\/31602"}],"wp:featuredmedia":[{"embeddable":true,"href":"https:\/\/www.saveurs-metiers.be\/fr\/wp-json\/wp\/v2\/media\/31573"}],"wp:attachment":[{"href":"https:\/\/www.saveurs-metiers.be\/fr\/wp-json\/wp\/v2\/media?parent=31570"}],"wp:term":[{"taxonomy":"category","embeddable":true,"href":"https:\/\/www.saveurs-metiers.be\/fr\/wp-json\/wp\/v2\/categories?post=31570"},{"taxonomy":"post_tag","embeddable":true,"href":"https:\/\/www.saveurs-metiers.be\/fr\/wp-json\/wp\/v2\/tags?post=31570"},{"taxonomy":"edition","embeddable":true,"href":"https:\/\/www.saveurs-metiers.be\/fr\/wp-json\/wp\/v2\/edition?post=31570"}],"curies":[{"name":"wp","href":"https:\/\/api.w.org\/{rel}","templated":true}]}}