{"id":30975,"date":"2024-05-17T16:14:32","date_gmt":"2024-05-17T14:14:32","guid":{"rendered":"https:\/\/www.saveurs-metiers.be\/?p=30975"},"modified":"2024-05-17T16:14:33","modified_gmt":"2024-05-17T14:14:33","slug":"shrinkflation-reduire-la-taille-dun-produit-mais-pas-son-prix-le-point-sur-cette-pratique-commerciale","status":"publish","type":"post","link":"https:\/\/www.saveurs-metiers.be\/fr\/shrinkflation-reduire-la-taille-dun-produit-mais-pas-son-prix-le-point-sur-cette-pratique-commerciale\/","title":{"rendered":"Shrinkflation, r\u00e9duire la taille d&rsquo;un produit, mais pas son prix : le point sur cette pratique commerciale"},"content":{"rendered":"\t\t<div data-elementor-type=\"wp-post\" data-elementor-id=\"30975\" class=\"elementor elementor-30975\" data-elementor-post-type=\"post\">\n\t\t\t\t\t\t<section class=\"elementor-section elementor-top-section elementor-element elementor-element-edf4daf elementor-section-boxed elementor-section-height-default elementor-section-height-default\" data-id=\"edf4daf\" data-element_type=\"section\">\n\t\t\t\t\t\t<div class=\"elementor-container elementor-column-gap-default\">\n\t\t\t\t\t<div class=\"elementor-column elementor-col-100 elementor-top-column elementor-element elementor-element-c37c9fd\" data-id=\"c37c9fd\" data-element_type=\"column\">\n\t\t\t<div class=\"elementor-widget-wrap elementor-element-populated\">\n\t\t\t\t\t\t<div class=\"elementor-element elementor-element-0741d0e elementor-widget elementor-widget-text-editor\" data-id=\"0741d0e\" data-element_type=\"widget\" data-widget_type=\"text-editor.default\">\n\t\t\t\t<div class=\"elementor-widget-container\">\n\t\t\t\t\t\t\t\t\t<p>La l\u00e9gislation fran\u00e7aise prend les devants par rapport \u00e0 cette pratique commerciale : \u00e0 partir du 1er juillet 2024, les supermarch\u00e9s fran\u00e7ais de plus de 400 m2 devront informer de mani\u00e8re visible et lisible leurs consommateurs lorsqu\u2019un produit voit son poids \u00e9voluer \u00e0 la baisse sans que son prix ne suive la m\u00eame courbe (soit directement sur l\u2019emballage, soit sur une \u00e9tiquette affich\u00e9e \u00e0 proximit\u00e9 imm\u00e9diate du produit).<\/p><p>Cette actualit\u00e9 nous am\u00e8ne \u00e0 nous pencher sur cette \u00ab\u00a0astuce\u00a0\u00bb commerciale qui permet principalement aux fabricants de faire face \u00e0 l\u2019augmentation de leurs co\u00fbts de production : la \u00ab\u00a0Shrinkflation\u00a0\u00bb (du terme anglais \u00ab\u00a0shrink\u00a0\u00bb &#8211; r\u00e9duire) ou \u00ab\u00a0R\u00e9duflation\u00a0\u00bb est-elle une pratique encore marginale ou d\u00e9j\u00e0 une tendance de fond ? Et en Belgique : une loi similaire \u00e0 celle de nos voisins fran\u00e7ais sera-t-elle aussi bient\u00f4t \u00e0 l\u2019ordre du jour ?<\/p>\t\t\t\t\t\t\t\t<\/div>\n\t\t\t\t<\/div>\n\t\t\t\t\t<\/div>\n\t\t<\/div>\n\t\t\t\t\t<\/div>\n\t\t<\/section>\n\t\t\t\t<section class=\"elementor-section elementor-top-section elementor-element elementor-element-1f21890 elementor-section-boxed elementor-section-height-default elementor-section-height-default\" data-id=\"1f21890\" data-element_type=\"section\">\n\t\t\t\t\t\t<div class=\"elementor-container elementor-column-gap-default\">\n\t\t\t\t\t<div class=\"elementor-column elementor-col-100 elementor-top-column elementor-element elementor-element-bd76967\" data-id=\"bd76967\" data-element_type=\"column\">\n\t\t\t<div class=\"elementor-widget-wrap elementor-element-populated\">\n\t\t\t\t\t\t<div class=\"elementor-element elementor-element-496a42b elementor-widget elementor-widget-heading\" data-id=\"496a42b\" data-element_type=\"widget\" data-widget_type=\"heading.default\">\n\t\t\t\t<div class=\"elementor-widget-container\">\n\t\t\t\t\t<h2 class=\"elementor-heading-title elementor-size-default\">Un ph\u00e9nom\u00e8ne d'ampleur ?<\/h2>\t\t\t\t<\/div>\n\t\t\t\t<\/div>\n\t\t\t\t<div class=\"elementor-element elementor-element-78bd849 elementor-widget elementor-widget-text-editor\" data-id=\"78bd849\" data-element_type=\"widget\" data-widget_type=\"text-editor.default\">\n\t\t\t\t<div class=\"elementor-widget-container\">\n\t\t\t\t\t\t\t\t\t<p>En avril dernier, le site Rtbf.be proposait un d\u00e9cryptage int\u00e9ressant sur la question, faisant suite \u00e0 un sondage Ipsos \u00e0 travers lequel 43% des sond\u00e9s belges affirmaient leur impression que de nombreux produits diminuaient en quantit\u00e9, pour un prix rest\u00e9 \u00e9quivalent. <br \/>Dans son enqu\u00eate, la RTBF a donc cherch\u00e9 \u00e0 \u00e9valuer l\u2019ampleur \u2013 r\u00e9elle ou non \u2013 du ph\u00e9nom\u00e8ne, en passant \u00e0 la loupe, gr\u00e2ce \u00e0 l\u2019IA, 6.000 pages de folders publicitaires, soit 3 ans de publicit\u00e9 pour une enseigne choisie de grande distribution. <br \/>Au terme de cette analyse, un peu plus de la moiti\u00e9 des articles\/produits scann\u00e9s semblaient concern\u00e9s. <br \/>Les r\u00e9sultats ont \u00e9t\u00e9 soumis \u00e0 l\u2019avis et l\u2019\u00e9clairage de diff\u00e9rents sp\u00e9cialistes issus des organisations repr\u00e9sentant le secteur de la production ou encore de la protection des consommateurs. <a href=\"https:\/\/www.rtbf.be\/article\/reduflation-shrinkflation-on-a-analyse-6000-pages-de-folders-publicitaires-avec-lia-notre-robot-chasseur-de-packagings-11357876\" target=\"_blank\" rel=\"noopener\">Voir le d\u00e9tail<\/a><\/p>\t\t\t\t\t\t\t\t<\/div>\n\t\t\t\t<\/div>\n\t\t\t\t\t<\/div>\n\t\t<\/div>\n\t\t\t\t\t<\/div>\n\t\t<\/section>\n\t\t\t\t<section class=\"elementor-section elementor-top-section elementor-element elementor-element-60ae4d1 elementor-section-boxed elementor-section-height-default elementor-section-height-default\" data-id=\"60ae4d1\" data-element_type=\"section\">\n\t\t\t\t\t\t<div class=\"elementor-container elementor-column-gap-default\">\n\t\t\t\t\t<div class=\"elementor-column elementor-col-100 elementor-top-column elementor-element elementor-element-9c17e0b\" data-id=\"9c17e0b\" data-element_type=\"column\">\n\t\t\t<div class=\"elementor-widget-wrap elementor-element-populated\">\n\t\t\t\t\t\t<div class=\"elementor-element elementor-element-5e664c4 elementor-widget elementor-widget-heading\" data-id=\"5e664c4\" data-element_type=\"widget\" data-widget_type=\"heading.default\">\n\t\t\t\t<div class=\"elementor-widget-container\">\n\t\t\t\t\t<h2 class=\"elementor-heading-title elementor-size-default\">Quel cadre l\u00e9gal ?<\/h2>\t\t\t\t<\/div>\n\t\t\t\t<\/div>\n\t\t\t\t<div class=\"elementor-element elementor-element-09acd04 elementor-widget elementor-widget-text-editor\" data-id=\"09acd04\" data-element_type=\"widget\" data-widget_type=\"text-editor.default\">\n\t\t\t\t<div class=\"elementor-widget-container\">\n\t\t\t\t\t\t\t\t\t<p>En Belgique, la \u00ab\u00a0r\u00e9duflation\u00a0\u00bb ne fait l&rsquo;objet d&rsquo;aucune interdiction : pour autant que la quantit\u00e9 renseign\u00e9e sur l\u2019emballage corresponde \u00e0 la quantit\u00e9 r\u00e9elle et que le client dispose du prix de vente brut ainsi que du prix du produit rapport\u00e9 \u00e0 son unit\u00e9 de mesure (un prix au kg, par exemple), cette pratique commerciale n&rsquo;est pas consid\u00e9r\u00e9e comme trompeuse. <br \/>Les fabricants et distributeurs ne sont en aucun cas oblig\u00e9s d\u2019indiquer explicitement un changement dans la quantit\u00e9\/le poids du produit dans son prix \u00e0 l&rsquo;unit\u00e9 de mesure. C&rsquo;est donc au consommateur final d\u2019\u00eatre attentif et de faire ses petits calculs comparatifs.<\/p><p>En la mati\u00e8re, la l\u00e9gislation belge est conforme au cadre europ\u00e9en, puisque la \u00ab\u00a0shrinkflation\u00a0\u00bb n\u2019est pas reprise clairement dans la directive qui liste en encadre les pratiques commerciales d\u00e9loyales. <br \/>N\u00e9anmoins, puisque la France agit, la question se pose \u00e0 nouveau aupr\u00e8s de nos responsables politiques : notre ministre de l\u2019Economie et notre secr\u00e9taire d\u2019\u00c9tat \u00e0 la Protection des consommateurs ont soumis le projet d\u2019arr\u00eat\u00e9 fran\u00e7ais \u00e0 l\u2019avis du Conseil central de l\u2019\u00c9conomie, un comit\u00e9 au r\u00f4le consultatif qui rassemble des experts issus des associations de protection des consommateurs (Test-Achats) mais aussi du secteur de la production (Fevia) ou encore de la distribution (Comeos).<br \/>A ce stade, faute d\u2019informations objectives et chiffr\u00e9es sur le ph\u00e9nom\u00e8ne en Belgique, le comit\u00e9 n\u2019a pas \u00e9t\u00e9 en mesure de remettre un avis clair sur la question et s\u2019est cantonn\u00e9 \u00e0 quelques pistes et r\u00e9flexions sur cette nouvelle loi fran\u00e7aise, pointant notamment la charge administrative suppl\u00e9mentaire qu&rsquo;elle induira pour les fabricants. Le Comit\u00e9 central de l&rsquo;Economie met aussi en garde contre le possible effet pervers de cette nouvelle l\u00e9gislation fran\u00e7aise, qui pourrait conduire \u00e0 \u00ab\u00a0stigmatiser\u00a0\u00bb les produits faisant l&rsquo;objet d&rsquo;une r\u00e9duflation, quand bien m\u00eame leur prix \u00e0 l&rsquo;unit\u00e9 de mesure augmenterait moins ou resterait inf\u00e9rieur \u00e0 celui d&rsquo;autres produits concurrents.\u00a0<\/p>\t\t\t\t\t\t\t\t<\/div>\n\t\t\t\t<\/div>\n\t\t\t\t\t<\/div>\n\t\t<\/div>\n\t\t\t\t\t<\/div>\n\t\t<\/section>\n\t\t\t\t<section class=\"elementor-section elementor-top-section elementor-element elementor-element-eb86262 elementor-section-boxed elementor-section-height-default elementor-section-height-default\" data-id=\"eb86262\" data-element_type=\"section\">\n\t\t\t\t\t\t<div class=\"elementor-container elementor-column-gap-default\">\n\t\t\t\t\t<div class=\"elementor-column elementor-col-100 elementor-top-column elementor-element elementor-element-8837e52\" data-id=\"8837e52\" data-element_type=\"column\">\n\t\t\t<div class=\"elementor-widget-wrap elementor-element-populated\">\n\t\t\t\t\t\t<div class=\"elementor-element elementor-element-329201e elementor-widget elementor-widget-heading\" data-id=\"329201e\" data-element_type=\"widget\" data-widget_type=\"heading.default\">\n\t\t\t\t<div class=\"elementor-widget-container\">\n\t\t\t\t\t<h2 class=\"elementor-heading-title elementor-size-default\">Tous les types de produits concern\u00e9s ?<\/h2>\t\t\t\t<\/div>\n\t\t\t\t<\/div>\n\t\t\t\t<div class=\"elementor-element elementor-element-8a41882 elementor-widget elementor-widget-text-editor\" data-id=\"8a41882\" data-element_type=\"widget\" data-widget_type=\"text-editor.default\">\n\t\t\t\t<div class=\"elementor-widget-container\">\n\t\t\t\t\t\t\t\t\t<p>La r\u00e9duction de la taille d\u2019un produit est une strat\u00e9gie que les fabricants mettent en \u0153uvre pour contrer ou pour anticiper la hausse de leurs co\u00fbts de production.<\/p><p>Cette pratique est davantage utilis\u00e9e par les grandes marques et entreprises car elles en b\u00e9n\u00e9ficieront plus rapidement : lorsqu\u2019on produit en grande quantit\u00e9, une petite diminution de grammage pour chaque emballage aura tr\u00e8s vite un grand cons\u00e9quent.<br \/>En outre, plus les produits sont transform\u00e9s, plus cette pratique sera facile \u00e0 appliquer et plus difficile \u00e0 discerner spontan\u00e9ment pour le consommateur final. Mais attention aux conclusions trop h\u00e2tives : une diff\u00e9rence de grammage ou de taille peut aussi trouver son explication dans un changement de composition (remplacement de certains ingr\u00e9dients par d&rsquo;autres composants, parfois plus vertueux).<\/p>\t\t\t\t\t\t\t\t<\/div>\n\t\t\t\t<\/div>\n\t\t\t\t\t<\/div>\n\t\t<\/div>\n\t\t\t\t\t<\/div>\n\t\t<\/section>\n\t\t\t\t<section class=\"elementor-section elementor-top-section elementor-element elementor-element-9e01acb elementor-section-boxed elementor-section-height-default elementor-section-height-default\" data-id=\"9e01acb\" data-element_type=\"section\">\n\t\t\t\t\t\t<div class=\"elementor-container elementor-column-gap-default\">\n\t\t\t\t\t<div class=\"elementor-column elementor-col-100 elementor-top-column elementor-element elementor-element-037c23a\" data-id=\"037c23a\" data-element_type=\"column\">\n\t\t\t<div class=\"elementor-widget-wrap elementor-element-populated\">\n\t\t\t\t\t\t<div class=\"elementor-element elementor-element-e8c189b elementor-widget elementor-widget-heading\" data-id=\"e8c189b\" data-element_type=\"widget\" data-widget_type=\"heading.default\">\n\t\t\t\t<div class=\"elementor-widget-container\">\n\t\t\t\t\t<h2 class=\"elementor-heading-title elementor-size-default\">Apr\u00e8s la \"Shrinkflation\", la \"Stretchflation\"...<\/h2>\t\t\t\t<\/div>\n\t\t\t\t<\/div>\n\t\t\t\t<div class=\"elementor-element elementor-element-d996b69 elementor-widget elementor-widget-text-editor\" data-id=\"d996b69\" data-element_type=\"widget\" data-widget_type=\"text-editor.default\">\n\t\t\t\t<div class=\"elementor-widget-container\">\n\t\t\t\t\t\t\t\t\t<p>La \u00ab\u00a0Stretchflation\u00a0\u00bb \u2013 du verbe anglais stretch, \u00ab\u00a0\u00e9tirer\u00a0\u00bb \u2013 consiste, pour les fabricants de produits de grande consommation, \u00e0 augmenter le poids d\u2019un produit mais aussi son prix de mani\u00e8re disproportionn\u00e9e.<\/p>\t\t\t\t\t\t\t\t<\/div>\n\t\t\t\t<\/div>\n\t\t\t\t\t<\/div>\n\t\t<\/div>\n\t\t\t\t\t<\/div>\n\t\t<\/section>\n\t\t\t\t<section class=\"elementor-section elementor-top-section elementor-element elementor-element-5d667877 elementor-section-boxed elementor-section-height-default elementor-section-height-default elementor-invisible\" data-id=\"5d667877\" data-element_type=\"section\" data-settings=\"{&quot;background_background&quot;:&quot;classic&quot;,&quot;animation&quot;:&quot;headShake&quot;}\">\n\t\t\t\t\t\t<div class=\"elementor-container elementor-column-gap-default\">\n\t\t\t\t\t<div class=\"elementor-column elementor-col-100 elementor-top-column elementor-element elementor-element-64c995d3\" data-id=\"64c995d3\" data-element_type=\"column\">\n\t\t\t<div class=\"elementor-widget-wrap elementor-element-populated\">\n\t\t\t\t\t\t<div class=\"elementor-element elementor-element-ecde036 elementor-widget elementor-widget-text-editor\" data-id=\"ecde036\" data-element_type=\"widget\" data-widget_type=\"text-editor.default\">\n\t\t\t\t<div class=\"elementor-widget-container\">\n\t\t\t\t\t\t\t\t\t<h1>Plus d&rsquo;inspiration et d&rsquo;infos savoureuses d\u00e9di\u00e9es au food retail et aux m\u00e9tiers de bouche ?<\/h1>\t\t\t\t\t\t\t\t<\/div>\n\t\t\t\t<\/div>\n\t\t\t\t<div class=\"elementor-element elementor-element-2c31335c elementor-align-center elementor-widget elementor-widget-button\" data-id=\"2c31335c\" data-element_type=\"widget\" data-widget_type=\"button.default\">\n\t\t\t\t<div class=\"elementor-widget-container\">\n\t\t\t\t\t\t\t\t\t<div class=\"elementor-button-wrapper\">\n\t\t\t\t\t<a class=\"elementor-button elementor-button-link elementor-size-md\" href=\"https:\/\/www.saveurs-metiers.be\/fr\/newsletter\/\">\n\t\t\t\t\t\t<span class=\"elementor-button-content-wrapper\">\n\t\t\t\t\t\t<span class=\"elementor-button-icon\">\n\t\t\t\t<svg aria-hidden=\"true\" class=\"e-font-icon-svg e-far-envelope-open\" viewBox=\"0 0 512 512\" xmlns=\"http:\/\/www.w3.org\/2000\/svg\"><path d=\"M494.586 164.516c-4.697-3.883-111.723-89.95-135.251-108.657C337.231 38.191 299.437 0 256 0c-43.205 0-80.636 37.717-103.335 55.859-24.463 19.45-131.07 105.195-135.15 108.549A48.004 48.004 0 0 0 0 201.485V464c0 26.51 21.49 48 48 48h416c26.51 0 48-21.49 48-48V201.509a48 48 0 0 0-17.414-36.993zM464 458a6 6 0 0 1-6 6H54a6 6 0 0 1-6-6V204.347c0-1.813.816-3.526 2.226-4.665 15.87-12.814 108.793-87.554 132.364-106.293C200.755 78.88 232.398 48 256 48c23.693 0 55.857 31.369 73.41 45.389 23.573 18.741 116.503 93.493 132.366 106.316a5.99 5.99 0 0 1 2.224 4.663V458zm-31.991-187.704c4.249 5.159 3.465 12.795-1.745 16.981-28.975 23.283-59.274 47.597-70.929 56.863C336.636 362.283 299.205 400 256 400c-43.452 0-81.287-38.237-103.335-55.86-11.279-8.967-41.744-33.413-70.927-56.865-5.21-4.187-5.993-11.822-1.745-16.981l15.258-18.528c4.178-5.073 11.657-5.843 16.779-1.726 28.618 23.001 58.566 47.035 70.56 56.571C200.143 320.631 232.307 352 256 352c23.602 0 55.246-30.88 73.41-45.389 11.994-9.535 41.944-33.57 70.563-56.568 5.122-4.116 12.601-3.346 16.778 1.727l15.258 18.526z\"><\/path><\/svg>\t\t\t<\/span>\n\t\t\t\t\t\t\t\t\t<span class=\"elementor-button-text\">Inscrivez-vous \u00e0 la newsletter Saveurs &amp; M\u00e9tiers<\/span>\n\t\t\t\t\t<\/span>\n\t\t\t\t\t<\/a>\n\t\t\t\t<\/div>\n\t\t\t\t\t\t\t\t<\/div>\n\t\t\t\t<\/div>\n\t\t\t\t\t<\/div>\n\t\t<\/div>\n\t\t\t\t\t<\/div>\n\t\t<\/section>\n\t\t\t\t<\/div>\n\t\t","protected":false},"excerpt":{"rendered":"<p>La l\u00e9gislation fran\u00e7aise prend les devants par rapport \u00e0 cette pratique commerciale : \u00e0 partir du 1er juillet 2024, les supermarch\u00e9s fran\u00e7ais de plus de 400 m2 devront informer de mani\u00e8re visible et lisible leurs consommateurs lorsqu\u2019un produit voit son poids \u00e9voluer \u00e0 la baisse sans que son prix ne suive la m\u00eame courbe (soit directement sur l\u2019emballage, soit sur une \u00e9tiquette affich\u00e9e \u00e0 proximit\u00e9 imm\u00e9diate du produit).<br \/>\nCette actualit\u00e9 nous offre l\u2019occasion de nous pencher sur cette \u00ab astuce \u00bb commerciale qui permet principalement aux fabricants de faire face \u00e0 l\u2019augmentation de leurs co\u00fbts de production.<\/p>\n","protected":false},"author":179,"featured_media":30980,"comment_status":"closed","ping_status":"open","sticky":false,"template":"","format":"standard","meta":{"_seopress_robots_primary_cat":"none","_seopress_titles_title":"","_seopress_titles_desc":"","_seopress_robots_index":"","footnotes":""},"categories":[1],"tags":[],"edition":[],"class_list":["post-30975","post","type-post","status-publish","format-standard","has-post-thumbnail","hentry","category-non-classifiee"],"_links":{"self":[{"href":"https:\/\/www.saveurs-metiers.be\/fr\/wp-json\/wp\/v2\/posts\/30975","targetHints":{"allow":["GET"]}}],"collection":[{"href":"https:\/\/www.saveurs-metiers.be\/fr\/wp-json\/wp\/v2\/posts"}],"about":[{"href":"https:\/\/www.saveurs-metiers.be\/fr\/wp-json\/wp\/v2\/types\/post"}],"author":[{"embeddable":true,"href":"https:\/\/www.saveurs-metiers.be\/fr\/wp-json\/wp\/v2\/users\/179"}],"replies":[{"embeddable":true,"href":"https:\/\/www.saveurs-metiers.be\/fr\/wp-json\/wp\/v2\/comments?post=30975"}],"version-history":[{"count":5,"href":"https:\/\/www.saveurs-metiers.be\/fr\/wp-json\/wp\/v2\/posts\/30975\/revisions"}],"predecessor-version":[{"id":30991,"href":"https:\/\/www.saveurs-metiers.be\/fr\/wp-json\/wp\/v2\/posts\/30975\/revisions\/30991"}],"wp:featuredmedia":[{"embeddable":true,"href":"https:\/\/www.saveurs-metiers.be\/fr\/wp-json\/wp\/v2\/media\/30980"}],"wp:attachment":[{"href":"https:\/\/www.saveurs-metiers.be\/fr\/wp-json\/wp\/v2\/media?parent=30975"}],"wp:term":[{"taxonomy":"category","embeddable":true,"href":"https:\/\/www.saveurs-metiers.be\/fr\/wp-json\/wp\/v2\/categories?post=30975"},{"taxonomy":"post_tag","embeddable":true,"href":"https:\/\/www.saveurs-metiers.be\/fr\/wp-json\/wp\/v2\/tags?post=30975"},{"taxonomy":"edition","embeddable":true,"href":"https:\/\/www.saveurs-metiers.be\/fr\/wp-json\/wp\/v2\/edition?post=30975"}],"curies":[{"name":"wp","href":"https:\/\/api.w.org\/{rel}","templated":true}]}}