{"id":30865,"date":"2024-04-15T16:36:20","date_gmt":"2024-04-15T14:36:20","guid":{"rendered":"https:\/\/www.saveurs-metiers.be\/?p=30865"},"modified":"2024-04-15T16:36:23","modified_gmt":"2024-04-15T14:36:23","slug":"enquete-europeenne-des-signes-despoir-pour-le-secteur-de-la-distribution-alimentaire-en-2024","status":"publish","type":"post","link":"https:\/\/www.saveurs-metiers.be\/fr\/enquete-europeenne-des-signes-despoir-pour-le-secteur-de-la-distribution-alimentaire-en-2024\/","title":{"rendered":"Enqu\u00eate europ\u00e9enne : des signes d&rsquo;espoir pour le secteur de la distribution alimentaire en 2024"},"content":{"rendered":"\t\t<div data-elementor-type=\"wp-post\" data-elementor-id=\"30865\" class=\"elementor elementor-30865\" data-elementor-post-type=\"post\">\n\t\t\t\t\t\t<section class=\"elementor-section elementor-top-section elementor-element elementor-element-d81d4bd elementor-section-boxed elementor-section-height-default elementor-section-height-default\" data-id=\"d81d4bd\" data-element_type=\"section\">\n\t\t\t\t\t\t<div class=\"elementor-container elementor-column-gap-default\">\n\t\t\t\t\t<div class=\"elementor-column elementor-col-100 elementor-top-column elementor-element elementor-element-d78ff7a\" data-id=\"d78ff7a\" data-element_type=\"column\">\n\t\t\t<div class=\"elementor-widget-wrap elementor-element-populated\">\n\t\t\t\t\t\t<div class=\"elementor-element elementor-element-2c0ee75 elementor-widget elementor-widget-text-editor\" data-id=\"2c0ee75\" data-element_type=\"widget\" data-widget_type=\"text-editor.default\">\n\t\t\t\t<div class=\"elementor-widget-container\">\n\t\t\t\t\t\t\t\t\t<p>Le rapport annuel\u00a0<em>\u00ab\u00a0The State of Grocery Europe\u00a0\u00bb<\/em>\u00a0\u00e9labor\u00e9 par McKinsey et l\u2019organisation de commerce de d\u00e9tail EuroCommerce place l\u2019ann\u00e9e 2024 sous le signe de l\u2019espoir. L&rsquo;\u00e9tude pointe en effet diff\u00e9rentes tendances cl\u00e9s, qui pr\u00eatent \u00e0 l&rsquo;optimisme apr\u00e8s une ann\u00e9e 2023 tr\u00e8s difficile pour le secteur, marqu\u00e9e par une baisse g\u00e9n\u00e9rale de la consommation, dans un contexte de hausse record du prix des denr\u00e9es alimentaires.\u00a0<\/p>\t\t\t\t\t\t\t\t<\/div>\n\t\t\t\t<\/div>\n\t\t\t\t\t<\/div>\n\t\t<\/div>\n\t\t\t\t\t<\/div>\n\t\t<\/section>\n\t\t\t\t<section class=\"elementor-section elementor-top-section elementor-element elementor-element-774970c elementor-section-boxed elementor-section-height-default elementor-section-height-default\" data-id=\"774970c\" data-element_type=\"section\">\n\t\t\t\t\t\t<div class=\"elementor-container elementor-column-gap-default\">\n\t\t\t\t\t<div class=\"elementor-column elementor-col-100 elementor-top-column elementor-element elementor-element-4eea680\" data-id=\"4eea680\" data-element_type=\"column\">\n\t\t\t<div class=\"elementor-widget-wrap elementor-element-populated\">\n\t\t\t\t\t\t<div class=\"elementor-element elementor-element-3835c8f elementor-widget elementor-widget-heading\" data-id=\"3835c8f\" data-element_type=\"widget\" data-widget_type=\"heading.default\">\n\t\t\t\t<div class=\"elementor-widget-container\">\n\t\t\t\t\t<h2 class=\"elementor-heading-title elementor-size-default\">Retour prudent \u00e0 l'optimisme<\/h2>\t\t\t\t<\/div>\n\t\t\t\t<\/div>\n\t\t\t\t<div class=\"elementor-element elementor-element-a21bb9b elementor-widget elementor-widget-text-editor\" data-id=\"a21bb9b\" data-element_type=\"widget\" data-widget_type=\"text-editor.default\">\n\t\t\t\t<div class=\"elementor-widget-container\">\n\t\t\t\t\t\t\t\t\t<p>En 2023, les consommateurs ont \u00e9t\u00e9 contraints de se serrer la ceinture face \u00e0 l&rsquo;inflation record des prix des produits alimentaires : elle a atteint 12,8% en moyenne, soit le niveau le plus \u00e9lev\u00e9 depuis la fin de la Seconde Guerre mondiale. <br \/>Dans ce contexte, les retailers ont logiquement vu chuter leurs volumes de vente et leurs marges.<\/p><p>D\u2019apr\u00e8s la r\u00e9cente \u00e9tude <em>\u00ab The State of Grocery Europe \u00bb<\/em> men\u00e9e aupr\u00e8s de plus de 12.000 consommateurs dans 11 pays europ\u00e9ens, le vent pourrait bien tourner ces prochains mois ! <br \/>Alors que l\u2019inflation tend \u00e0 se stabiliser, les consommateurs semblent moins nombreux \u00e0 envisager une diminution de leurs achats (45% au lieu de 51% il y a un an). Les m\u00e9nages \u00e0 plus hauts revenus manifestent m\u00eame leur intention de consommer \u00e0 nouveau davantage en privil\u00e9giant les produits de haute qualit\u00e9 ou les produits bio. Le volume des ventes pourrait donc bien repartir \u00e0 la hausse !<\/p><p>N\u00e9anmoins, la pression sur les marges restera une pr\u00e9occupation majeure pour 70% des dirigeants dans le secteur de l\u2019alimentation de d\u00e9tail. Pour continuer \u00e0 prot\u00e9ger les consommateurs des hausses de prix, les d\u00e9taillants donneront probablement la priorit\u00e9 aux n\u00e9gociations avec les fournisseurs, y compris via la participation \u00e0 des groupements d&rsquo;achat.<\/p>\t\t\t\t\t\t\t\t<\/div>\n\t\t\t\t<\/div>\n\t\t\t\t\t<\/div>\n\t\t<\/div>\n\t\t\t\t\t<\/div>\n\t\t<\/section>\n\t\t\t\t<section class=\"elementor-section elementor-top-section elementor-element elementor-element-f3fbf60 elementor-section-boxed elementor-section-height-default elementor-section-height-default\" data-id=\"f3fbf60\" data-element_type=\"section\">\n\t\t\t\t\t\t<div class=\"elementor-container elementor-column-gap-default\">\n\t\t\t\t\t<div class=\"elementor-column elementor-col-100 elementor-top-column elementor-element elementor-element-6ae844a\" data-id=\"6ae844a\" data-element_type=\"column\">\n\t\t\t<div class=\"elementor-widget-wrap elementor-element-populated\">\n\t\t\t\t\t\t<div class=\"elementor-element elementor-element-3bd1cd3 elementor-widget elementor-widget-heading\" data-id=\"3bd1cd3\" data-element_type=\"widget\" data-widget_type=\"heading.default\">\n\t\t\t\t<div class=\"elementor-widget-container\">\n\t\t\t\t\t<h2 class=\"elementor-heading-title elementor-size-default\">Le food-on-the-go en pleine expansion<\/h2>\t\t\t\t<\/div>\n\t\t\t\t<\/div>\n\t\t\t\t<div class=\"elementor-element elementor-element-0f19171 elementor-widget elementor-widget-text-editor\" data-id=\"0f19171\" data-element_type=\"widget\" data-widget_type=\"text-editor.default\">\n\t\t\t\t<div class=\"elementor-widget-container\">\n\t\t\t\t\t\t\t\t\t<p>Parmi les grandes tendances, l\u2019\u00e9tude d\u2019EuroCommerce et de McKinsey pointe par ailleurs le succ\u00e8s grandissant de la consommation et de la restauration hors foyer. <br \/>La p\u00e9riode du Covid et du confinement chez soi semble bel et bien derri\u00e8re nous : les consommateurs qui se d\u00e9placent \u00e0 nouveau davantage pl\u00e9biscitent le food-on-the go et la restauration. Ces secteurs affichent donc une croissance sup\u00e9rieure au commerce de d\u00e9tail.<\/p>\t\t\t\t\t\t\t\t<\/div>\n\t\t\t\t<\/div>\n\t\t\t\t\t<\/div>\n\t\t<\/div>\n\t\t\t\t\t<\/div>\n\t\t<\/section>\n\t\t\t\t<section class=\"elementor-section elementor-top-section elementor-element elementor-element-dca5283 elementor-section-boxed elementor-section-height-default elementor-section-height-default\" data-id=\"dca5283\" data-element_type=\"section\">\n\t\t\t\t\t\t<div class=\"elementor-container elementor-column-gap-default\">\n\t\t\t\t\t<div class=\"elementor-column elementor-col-100 elementor-top-column elementor-element elementor-element-9a16507\" data-id=\"9a16507\" data-element_type=\"column\">\n\t\t\t<div class=\"elementor-widget-wrap elementor-element-populated\">\n\t\t\t\t\t\t<div class=\"elementor-element elementor-element-cf594bc elementor-widget elementor-widget-heading\" data-id=\"cf594bc\" data-element_type=\"widget\" data-widget_type=\"heading.default\">\n\t\t\t\t<div class=\"elementor-widget-container\">\n\t\t\t\t\t<h2 class=\"elementor-heading-title elementor-size-default\">Le d\u00e9fi de l'emploi<\/h2>\t\t\t\t<\/div>\n\t\t\t\t<\/div>\n\t\t\t\t<div class=\"elementor-element elementor-element-ac43700 elementor-widget elementor-widget-text-editor\" data-id=\"ac43700\" data-element_type=\"widget\" data-widget_type=\"text-editor.default\">\n\t\t\t\t<div class=\"elementor-widget-container\">\n\t\t\t\t\t\t\t\t\t<p>Notons aussi que l\u2019enqu\u00eate confirme l\u2019un des grands enjeux du secteur, celui de l\u2019emploi. <br \/>Dans toute l&rsquo;Europe, les retailers sont confront\u00e9s \u00e0 un nombre record de postes vacants et \u00e0 la difficult\u00e9 de retenir leurs employ\u00e9s. <br \/>Pour rester ou devenir attractifs, il s\u2019agira donc pour les employeurs du secteur retail, d\u2019offrir des carri\u00e8res et pas seulement des jobs et de parvenir \u00e0 proposer un juste \u00e9quilibre entre vie professionnelle et vie priv\u00e9e.<\/p>\t\t\t\t\t\t\t\t<\/div>\n\t\t\t\t<\/div>\n\t\t\t\t\t<\/div>\n\t\t<\/div>\n\t\t\t\t\t<\/div>\n\t\t<\/section>\n\t\t\t\t<section class=\"elementor-section elementor-top-section elementor-element elementor-element-0e3f17b elementor-section-boxed elementor-section-height-default elementor-section-height-default\" data-id=\"0e3f17b\" data-element_type=\"section\">\n\t\t\t\t\t\t<div class=\"elementor-container elementor-column-gap-default\">\n\t\t\t\t\t<div class=\"elementor-column elementor-col-100 elementor-top-column elementor-element elementor-element-0399967\" data-id=\"0399967\" data-element_type=\"column\">\n\t\t\t<div class=\"elementor-widget-wrap elementor-element-populated\">\n\t\t\t\t\t\t<div class=\"elementor-element elementor-element-b792d0b elementor-widget elementor-widget-text-editor\" data-id=\"b792d0b\" data-element_type=\"widget\" data-widget_type=\"text-editor.default\">\n\t\t\t\t<div class=\"elementor-widget-container\">\n\t\t\t\t\t\t\t\t\t<p>Voir l&rsquo;\u00e9tude compl\u00e8te en cliquant <a href=\"https:\/\/www.eurocommerce.eu\/the-state-of-grocery-retail\/\" target=\"_blank\" rel=\"noopener\">ICI<\/a>.\u00a0<\/p>\t\t\t\t\t\t\t\t<\/div>\n\t\t\t\t<\/div>\n\t\t\t\t\t<\/div>\n\t\t<\/div>\n\t\t\t\t\t<\/div>\n\t\t<\/section>\n\t\t\t\t<section class=\"elementor-section elementor-top-section elementor-element elementor-element-1182e548 elementor-section-boxed elementor-section-height-default elementor-section-height-default elementor-invisible\" data-id=\"1182e548\" data-element_type=\"section\" data-settings=\"{&quot;background_background&quot;:&quot;classic&quot;,&quot;animation&quot;:&quot;headShake&quot;}\">\n\t\t\t\t\t\t<div class=\"elementor-container elementor-column-gap-default\">\n\t\t\t\t\t<div class=\"elementor-column elementor-col-100 elementor-top-column elementor-element elementor-element-690c328d\" data-id=\"690c328d\" data-element_type=\"column\">\n\t\t\t<div class=\"elementor-widget-wrap elementor-element-populated\">\n\t\t\t\t\t\t<div class=\"elementor-element elementor-element-6f4c0bcc elementor-widget elementor-widget-text-editor\" data-id=\"6f4c0bcc\" data-element_type=\"widget\" data-widget_type=\"text-editor.default\">\n\t\t\t\t<div class=\"elementor-widget-container\">\n\t\t\t\t\t\t\t\t\t<h1>Plus d&rsquo;inspiration et d&rsquo;infos savoureuses d\u00e9di\u00e9es au food retail et aux m\u00e9tiers de bouche ?<\/h1>\t\t\t\t\t\t\t\t<\/div>\n\t\t\t\t<\/div>\n\t\t\t\t<div class=\"elementor-element elementor-element-204aeb46 elementor-align-center elementor-widget elementor-widget-button\" data-id=\"204aeb46\" data-element_type=\"widget\" data-widget_type=\"button.default\">\n\t\t\t\t<div class=\"elementor-widget-container\">\n\t\t\t\t\t\t\t\t\t<div class=\"elementor-button-wrapper\">\n\t\t\t\t\t<a class=\"elementor-button elementor-button-link elementor-size-md\" href=\"https:\/\/www.saveurs-metiers.be\/fr\/newsletter\/\">\n\t\t\t\t\t\t<span class=\"elementor-button-content-wrapper\">\n\t\t\t\t\t\t<span class=\"elementor-button-icon\">\n\t\t\t\t<svg aria-hidden=\"true\" class=\"e-font-icon-svg e-far-envelope-open\" viewBox=\"0 0 512 512\" xmlns=\"http:\/\/www.w3.org\/2000\/svg\"><path d=\"M494.586 164.516c-4.697-3.883-111.723-89.95-135.251-108.657C337.231 38.191 299.437 0 256 0c-43.205 0-80.636 37.717-103.335 55.859-24.463 19.45-131.07 105.195-135.15 108.549A48.004 48.004 0 0 0 0 201.485V464c0 26.51 21.49 48 48 48h416c26.51 0 48-21.49 48-48V201.509a48 48 0 0 0-17.414-36.993zM464 458a6 6 0 0 1-6 6H54a6 6 0 0 1-6-6V204.347c0-1.813.816-3.526 2.226-4.665 15.87-12.814 108.793-87.554 132.364-106.293C200.755 78.88 232.398 48 256 48c23.693 0 55.857 31.369 73.41 45.389 23.573 18.741 116.503 93.493 132.366 106.316a5.99 5.99 0 0 1 2.224 4.663V458zm-31.991-187.704c4.249 5.159 3.465 12.795-1.745 16.981-28.975 23.283-59.274 47.597-70.929 56.863C336.636 362.283 299.205 400 256 400c-43.452 0-81.287-38.237-103.335-55.86-11.279-8.967-41.744-33.413-70.927-56.865-5.21-4.187-5.993-11.822-1.745-16.981l15.258-18.528c4.178-5.073 11.657-5.843 16.779-1.726 28.618 23.001 58.566 47.035 70.56 56.571C200.143 320.631 232.307 352 256 352c23.602 0 55.246-30.88 73.41-45.389 11.994-9.535 41.944-33.57 70.563-56.568 5.122-4.116 12.601-3.346 16.778 1.727l15.258 18.526z\"><\/path><\/svg>\t\t\t<\/span>\n\t\t\t\t\t\t\t\t\t<span class=\"elementor-button-text\">Inscrivez-vous \u00e0 la newsletter Saveurs &amp; M\u00e9tiers<\/span>\n\t\t\t\t\t<\/span>\n\t\t\t\t\t<\/a>\n\t\t\t\t<\/div>\n\t\t\t\t\t\t\t\t<\/div>\n\t\t\t\t<\/div>\n\t\t\t\t\t<\/div>\n\t\t<\/div>\n\t\t\t\t\t<\/div>\n\t\t<\/section>\n\t\t\t\t<\/div>\n\t\t","protected":false},"excerpt":{"rendered":"<p>Le rapport annuel <em>\u00ab\u00a0The State of Grocery Europe\u00a0\u00bb<\/em> \u00e9labor\u00e9 par McKinsey et l\u2019organisation de commerce de d\u00e9tail EuroCommerce place l\u2019ann\u00e9e 2024 sous le signe de l\u2019espoir. L&rsquo;\u00e9tude pointe en effet diff\u00e9rentes tendances cl\u00e9s, qui pr\u00eatent \u00e0 l&rsquo;optimisme apr\u00e8s une ann\u00e9e 2023 tr\u00e8s difficile pour le secteur, marqu\u00e9e par une baisse g\u00e9n\u00e9rale de la consommation, dans un contexte de hausse record du prix des denr\u00e9es alimentaires.<\/p>\n","protected":false},"author":179,"featured_media":30868,"comment_status":"closed","ping_status":"open","sticky":false,"template":"","format":"standard","meta":{"_seopress_robots_primary_cat":"none","_seopress_titles_title":"","_seopress_titles_desc":"","_seopress_robots_index":"","footnotes":""},"categories":[1],"tags":[],"edition":[],"class_list":["post-30865","post","type-post","status-publish","format-standard","has-post-thumbnail","hentry","category-non-classifiee"],"_links":{"self":[{"href":"https:\/\/www.saveurs-metiers.be\/fr\/wp-json\/wp\/v2\/posts\/30865","targetHints":{"allow":["GET"]}}],"collection":[{"href":"https:\/\/www.saveurs-metiers.be\/fr\/wp-json\/wp\/v2\/posts"}],"about":[{"href":"https:\/\/www.saveurs-metiers.be\/fr\/wp-json\/wp\/v2\/types\/post"}],"author":[{"embeddable":true,"href":"https:\/\/www.saveurs-metiers.be\/fr\/wp-json\/wp\/v2\/users\/179"}],"replies":[{"embeddable":true,"href":"https:\/\/www.saveurs-metiers.be\/fr\/wp-json\/wp\/v2\/comments?post=30865"}],"version-history":[{"count":5,"href":"https:\/\/www.saveurs-metiers.be\/fr\/wp-json\/wp\/v2\/posts\/30865\/revisions"}],"predecessor-version":[{"id":30875,"href":"https:\/\/www.saveurs-metiers.be\/fr\/wp-json\/wp\/v2\/posts\/30865\/revisions\/30875"}],"wp:featuredmedia":[{"embeddable":true,"href":"https:\/\/www.saveurs-metiers.be\/fr\/wp-json\/wp\/v2\/media\/30868"}],"wp:attachment":[{"href":"https:\/\/www.saveurs-metiers.be\/fr\/wp-json\/wp\/v2\/media?parent=30865"}],"wp:term":[{"taxonomy":"category","embeddable":true,"href":"https:\/\/www.saveurs-metiers.be\/fr\/wp-json\/wp\/v2\/categories?post=30865"},{"taxonomy":"post_tag","embeddable":true,"href":"https:\/\/www.saveurs-metiers.be\/fr\/wp-json\/wp\/v2\/tags?post=30865"},{"taxonomy":"edition","embeddable":true,"href":"https:\/\/www.saveurs-metiers.be\/fr\/wp-json\/wp\/v2\/edition?post=30865"}],"curies":[{"name":"wp","href":"https:\/\/api.w.org\/{rel}","templated":true}]}}