{"id":30842,"date":"2024-04-04T12:30:42","date_gmt":"2024-04-04T10:30:42","guid":{"rendered":"https:\/\/www.saveurs-metiers.be\/?p=30842"},"modified":"2024-04-08T10:11:45","modified_gmt":"2024-04-08T08:11:45","slug":"le-rayon-boulangerie-version-2024-plus-innovant-plus-attractif-plus-qualitatif","status":"publish","type":"post","link":"https:\/\/www.saveurs-metiers.be\/fr\/le-rayon-boulangerie-version-2024-plus-innovant-plus-attractif-plus-qualitatif\/","title":{"rendered":"Le rayon boulangerie version 2024 : plus innovant, plus attractif, plus qualitatif"},"content":{"rendered":"\t\t<div data-elementor-type=\"wp-post\" data-elementor-id=\"30842\" class=\"elementor elementor-30842\" data-elementor-post-type=\"post\">\n\t\t\t\t\t\t<section class=\"elementor-section elementor-top-section elementor-element elementor-element-37206d3 elementor-section-boxed elementor-section-height-default elementor-section-height-default\" data-id=\"37206d3\" data-element_type=\"section\">\n\t\t\t\t\t\t<div class=\"elementor-container elementor-column-gap-default\">\n\t\t\t\t\t<div class=\"elementor-column elementor-col-100 elementor-top-column elementor-element elementor-element-76e69fb\" data-id=\"76e69fb\" data-element_type=\"column\">\n\t\t\t<div class=\"elementor-widget-wrap elementor-element-populated\">\n\t\t\t\t\t\t<div class=\"elementor-element elementor-element-331ec09 elementor-widget elementor-widget-text-editor\" data-id=\"331ec09\" data-element_type=\"widget\" data-widget_type=\"text-editor.default\">\n\t\t\t\t<div class=\"elementor-widget-container\">\n\t\t\t\t\t\t\t\t\t<p><strong>Pass\u00e9 les difficult\u00e9s de la crise Covid, le secteur du bake-off &#8211; \u00e0 savoir les produits de boulangerie surgel\u00e9s et re-cuits en magasin &#8211; est rest\u00e9 \u00e0 la peine, marqu\u00e9 par un contexte peu favorable (hausse des prix de l&rsquo;\u00e9nergie et des mati\u00e8res premi\u00e8res). <\/strong><br \/><strong>A-t-il d\u00e9sormais repris des couleurs et regagn\u00e9 les faveurs des consommateurs ? Le sujet faisait l&rsquo;objet d&rsquo;un dossier dans le magazine <a href=\"https:\/\/www.gondola.be\/fr\" target=\"_blank\" rel=\"noopener\">Gondola<\/a> de janvier-f\u00e9vrier 2024, dont voici un court r\u00e9sum\u00e9.\u00a0<\/strong><\/p>\t\t\t\t\t\t\t\t<\/div>\n\t\t\t\t<\/div>\n\t\t\t\t\t<\/div>\n\t\t<\/div>\n\t\t\t\t\t<\/div>\n\t\t<\/section>\n\t\t\t\t<section class=\"elementor-section elementor-top-section elementor-element elementor-element-b31b6c4 elementor-section-boxed elementor-section-height-default elementor-section-height-default\" data-id=\"b31b6c4\" data-element_type=\"section\">\n\t\t\t\t\t\t<div class=\"elementor-container elementor-column-gap-default\">\n\t\t\t\t\t<div class=\"elementor-column elementor-col-100 elementor-top-column elementor-element elementor-element-ba9be55\" data-id=\"ba9be55\" data-element_type=\"column\">\n\t\t\t<div class=\"elementor-widget-wrap elementor-element-populated\">\n\t\t\t\t\t\t<div class=\"elementor-element elementor-element-e599934 elementor-widget elementor-widget-heading\" data-id=\"e599934\" data-element_type=\"widget\" data-widget_type=\"heading.default\">\n\t\t\t\t<div class=\"elementor-widget-container\">\n\t\t\t\t\t<h2 class=\"elementor-heading-title elementor-size-default\">R\u00e9troactes...<\/h2>\t\t\t\t<\/div>\n\t\t\t\t<\/div>\n\t\t\t\t<div class=\"elementor-element elementor-element-81cf0e6 elementor-widget elementor-widget-text-editor\" data-id=\"81cf0e6\" data-element_type=\"widget\" data-widget_type=\"text-editor.default\">\n\t\t\t\t<div class=\"elementor-widget-container\">\n\t\t\t\t\t\t\t\t\t<p>Jusqu&rsquo;en 2020, le rayon boulangerie des supermarch\u00e9s avait le vent en poupe : c\u00e9dant \u00e0 la facilit\u00e9 et \u00e0 la rapidit\u00e9 (mais aussi \u00e0 la qualit\u00e9 d\u00e9j\u00e0 grandissante des pains et viennoiseries cuits sur place), les consommateurs avaient pris l&rsquo;habitude de d\u00e9laisser r\u00e9guli\u00e8rement leur boulangerie de quartier au profit du supermarch\u00e9. <br \/>En 2020, le Covid change la donne ! Les clients limitent leur nombre de visite en grande et moyenne surface et, pour des raisons d&rsquo;hygi\u00e8ne, d\u00e9veloppent une certaine m\u00e9fiance pour les produits disponibles en vrac ou en self-service. Ils retrouvent alors un int\u00e9r\u00eat certain pour le pain fait maison et pl\u00e9biscitent \u00e0 nouveau largement les commerces locaux et artisanaux.<\/p><p>Pass\u00e9 la crise du Covid, le bake-off n&rsquo;est pas parvenu \u00e0 tirer compl\u00e8tement la t\u00eate hors de l&rsquo;eau, confront\u00e9 \u00e0 un contexte particuli\u00e8rement difficile pour l\u2019ensemble des activit\u00e9s de boulangerie : le secteur compte en effet parmi ceux qui ont le plus souffert de la hausse des co\u00fbts de l\u2019\u00e9nergie, coupl\u00e9e \u00e0 celle du prix des mati\u00e8res premi\u00e8res, notamment le prix de la farine parti en fl\u00e8che dans le contexte de la guerre en Ukraine. <\/p>\t\t\t\t\t\t\t\t<\/div>\n\t\t\t\t<\/div>\n\t\t\t\t\t<\/div>\n\t\t<\/div>\n\t\t\t\t\t<\/div>\n\t\t<\/section>\n\t\t\t\t<section class=\"elementor-section elementor-top-section elementor-element elementor-element-d128581 elementor-section-boxed elementor-section-height-default elementor-section-height-default\" data-id=\"d128581\" data-element_type=\"section\">\n\t\t\t\t\t\t<div class=\"elementor-container elementor-column-gap-default\">\n\t\t\t\t\t<div class=\"elementor-column elementor-col-100 elementor-top-column elementor-element elementor-element-2bff894\" data-id=\"2bff894\" data-element_type=\"column\">\n\t\t\t<div class=\"elementor-widget-wrap elementor-element-populated\">\n\t\t\t\t\t\t<div class=\"elementor-element elementor-element-f148ff7 elementor-widget elementor-widget-heading\" data-id=\"f148ff7\" data-element_type=\"widget\" data-widget_type=\"heading.default\">\n\t\t\t\t<div class=\"elementor-widget-container\">\n\t\t\t\t\t<h2 class=\"elementor-heading-title elementor-size-default\">Qu'en est-il aujourd'hui ? <\/h2>\t\t\t\t<\/div>\n\t\t\t\t<\/div>\n\t\t\t\t<div class=\"elementor-element elementor-element-152d62f elementor-widget elementor-widget-heading\" data-id=\"152d62f\" data-element_type=\"widget\" data-widget_type=\"heading.default\">\n\t\t\t\t<div class=\"elementor-widget-container\">\n\t\t\t\t\t<h2 class=\"elementor-heading-title elementor-size-default\">Le rayon boulangerie a-t-il repris des couleurs ? <\/h2>\t\t\t\t<\/div>\n\t\t\t\t<\/div>\n\t\t\t\t<div class=\"elementor-element elementor-element-af71763 elementor-widget elementor-widget-text-editor\" data-id=\"af71763\" data-element_type=\"widget\" data-widget_type=\"text-editor.default\">\n\t\t\t\t<div class=\"elementor-widget-container\">\n\t\t\t\t\t\t\t\t\t<p>L\u2019ann\u00e9e 2023 s\u2019est achev\u00e9e sur une note optimiste pour les acteurs du bake-off, comme pour une bonne partie des distributeurs, qui enregistrent une augmentation des achats. Face aux nombreuses fermetures qui ont frapp\u00e9 les boulangeries locales, le rayon boulangerie du supermarch\u00e9 fait semble-t-il figure d\u2019alternative, g\u00e9n\u00e9rant de 3% \u00e0 10% du chiffre d&rsquo;affaires total des magasins.<\/p><p>Il faut dire que, pour conqu\u00e9rir \u00e0 nouveau les faveurs des consommateurs, les d\u00e9taillants ont aussi souvent repens\u00e9 enti\u00e8rement leur approche, en \u00e9largissant leur gamme et en augmentant la qualit\u00e9 de leurs mati\u00e8res premi\u00e8res, mais aussi en privil\u00e9giant des am\u00e9nagements sophistiqu\u00e9s et agr\u00e9ables tant pour les clients que pour la production.<\/p><p>D\u00e9sormais, le rayon boulangerie est plus \u00e9toff\u00e9 et mieux mis en valeur, avec une attention particuli\u00e8re port\u00e9e aux coulisses. Les \u00e9quipements utilis\u00e9s ont \u00e9galement \u00e9volu\u00e9 pour r\u00e9pondre aux nouvelles exigences. La transition de la cuisson de pains pr\u00e9cuits surgel\u00e9s \u00e0 celle de pains frais a demand\u00e9 une refonte compl\u00e8te de la logistique. Ainsi, les fours de cuisson sont devenus plus grands et plus technologiquement avanc\u00e9s, offrant des fonctionnalit\u00e9s telles que la r\u00e9gulation de l&rsquo;humidit\u00e9 pour assurer une qualit\u00e9 constante des produits.<\/p>\t\t\t\t\t\t\t\t<\/div>\n\t\t\t\t<\/div>\n\t\t\t\t\t<\/div>\n\t\t<\/div>\n\t\t\t\t\t<\/div>\n\t\t<\/section>\n\t\t\t\t<section class=\"elementor-section elementor-top-section elementor-element elementor-element-4e5437a elementor-section-boxed elementor-section-height-default elementor-section-height-default\" data-id=\"4e5437a\" data-element_type=\"section\">\n\t\t\t\t\t\t<div class=\"elementor-container elementor-column-gap-default\">\n\t\t\t\t\t<div class=\"elementor-column elementor-col-100 elementor-top-column elementor-element elementor-element-fd06070\" data-id=\"fd06070\" data-element_type=\"column\">\n\t\t\t<div class=\"elementor-widget-wrap elementor-element-populated\">\n\t\t\t\t\t\t<div class=\"elementor-element elementor-element-0ae0124 elementor-widget elementor-widget-text-editor\" data-id=\"0ae0124\" data-element_type=\"widget\" data-widget_type=\"text-editor.default\">\n\t\t\t\t<div class=\"elementor-widget-container\">\n\t\t\t\t\t\t\t\t\t<p><strong>En r\u00e9sum\u00e9, l\u2019ann\u00e9e 2024 semble avoir pris un bon d\u00e9part pour le secteur de la boulangerie en retail alimentaire : retour des volumes, augmentation de la qualit\u00e9, fermetures de nombreux commerces locaux qui conduisent les consommateurs \u00e0 acheter leur pain en supermarch\u00e9\u2026<\/strong><\/p>\t\t\t\t\t\t\t\t<\/div>\n\t\t\t\t<\/div>\n\t\t\t\t\t<\/div>\n\t\t<\/div>\n\t\t\t\t\t<\/div>\n\t\t<\/section>\n\t\t\t\t<section class=\"elementor-section elementor-top-section elementor-element elementor-element-738e67fc elementor-section-boxed elementor-section-height-default elementor-section-height-default elementor-invisible\" data-id=\"738e67fc\" data-element_type=\"section\" data-settings=\"{&quot;background_background&quot;:&quot;classic&quot;,&quot;animation&quot;:&quot;headShake&quot;}\">\n\t\t\t\t\t\t<div class=\"elementor-container elementor-column-gap-default\">\n\t\t\t\t\t<div class=\"elementor-column elementor-col-100 elementor-top-column elementor-element elementor-element-7dda72d7\" data-id=\"7dda72d7\" data-element_type=\"column\">\n\t\t\t<div class=\"elementor-widget-wrap elementor-element-populated\">\n\t\t\t\t\t\t<div class=\"elementor-element elementor-element-3a17dc88 elementor-widget elementor-widget-text-editor\" data-id=\"3a17dc88\" data-element_type=\"widget\" data-widget_type=\"text-editor.default\">\n\t\t\t\t<div class=\"elementor-widget-container\">\n\t\t\t\t\t\t\t\t\t<h1>Plus d&rsquo;inspiration et d&rsquo;infos savoureuses d\u00e9di\u00e9es au food retail et aux m\u00e9tiers de bouche ?<\/h1>\t\t\t\t\t\t\t\t<\/div>\n\t\t\t\t<\/div>\n\t\t\t\t<div class=\"elementor-element elementor-element-124f715d elementor-align-center elementor-widget elementor-widget-button\" data-id=\"124f715d\" data-element_type=\"widget\" data-widget_type=\"button.default\">\n\t\t\t\t<div class=\"elementor-widget-container\">\n\t\t\t\t\t\t\t\t\t<div class=\"elementor-button-wrapper\">\n\t\t\t\t\t<a class=\"elementor-button elementor-button-link elementor-size-md\" href=\"https:\/\/www.saveurs-metiers.be\/fr\/newsletter\/\">\n\t\t\t\t\t\t<span class=\"elementor-button-content-wrapper\">\n\t\t\t\t\t\t<span class=\"elementor-button-icon\">\n\t\t\t\t<svg aria-hidden=\"true\" class=\"e-font-icon-svg e-far-envelope-open\" viewBox=\"0 0 512 512\" xmlns=\"http:\/\/www.w3.org\/2000\/svg\"><path d=\"M494.586 164.516c-4.697-3.883-111.723-89.95-135.251-108.657C337.231 38.191 299.437 0 256 0c-43.205 0-80.636 37.717-103.335 55.859-24.463 19.45-131.07 105.195-135.15 108.549A48.004 48.004 0 0 0 0 201.485V464c0 26.51 21.49 48 48 48h416c26.51 0 48-21.49 48-48V201.509a48 48 0 0 0-17.414-36.993zM464 458a6 6 0 0 1-6 6H54a6 6 0 0 1-6-6V204.347c0-1.813.816-3.526 2.226-4.665 15.87-12.814 108.793-87.554 132.364-106.293C200.755 78.88 232.398 48 256 48c23.693 0 55.857 31.369 73.41 45.389 23.573 18.741 116.503 93.493 132.366 106.316a5.99 5.99 0 0 1 2.224 4.663V458zm-31.991-187.704c4.249 5.159 3.465 12.795-1.745 16.981-28.975 23.283-59.274 47.597-70.929 56.863C336.636 362.283 299.205 400 256 400c-43.452 0-81.287-38.237-103.335-55.86-11.279-8.967-41.744-33.413-70.927-56.865-5.21-4.187-5.993-11.822-1.745-16.981l15.258-18.528c4.178-5.073 11.657-5.843 16.779-1.726 28.618 23.001 58.566 47.035 70.56 56.571C200.143 320.631 232.307 352 256 352c23.602 0 55.246-30.88 73.41-45.389 11.994-9.535 41.944-33.57 70.563-56.568 5.122-4.116 12.601-3.346 16.778 1.727l15.258 18.526z\"><\/path><\/svg>\t\t\t<\/span>\n\t\t\t\t\t\t\t\t\t<span class=\"elementor-button-text\">Inscrivez-vous \u00e0 la newsletter Saveurs &amp; M\u00e9tiers<\/span>\n\t\t\t\t\t<\/span>\n\t\t\t\t\t<\/a>\n\t\t\t\t<\/div>\n\t\t\t\t\t\t\t\t<\/div>\n\t\t\t\t<\/div>\n\t\t\t\t\t<\/div>\n\t\t<\/div>\n\t\t\t\t\t<\/div>\n\t\t<\/section>\n\t\t\t\t<\/div>\n\t\t","protected":false},"excerpt":{"rendered":"<p>Pass\u00e9 les difficult\u00e9s de la crise Covid, le secteur du bake-off &#8211; \u00e0 savoir les produits de boulangerie surgel\u00e9s et re-cuits en magasin &#8211; est rest\u00e9 \u00e0 la peine, marqu\u00e9 par un contexte peu favorable (hausse des prix de l&rsquo;\u00e9nergie et des mati\u00e8res premi\u00e8res). A-t-il d\u00e9sormais repris des couleurs et regagn\u00e9 les faveurs des consommateurs ? Le sujet faisait l&rsquo;objet d&rsquo;un dossier dans le magazine Gondola de janvier-f\u00e9vrier 2024, dont voici un court r\u00e9sum\u00e9.<\/p>\n","protected":false},"author":179,"featured_media":30845,"comment_status":"closed","ping_status":"open","sticky":false,"template":"","format":"standard","meta":{"_seopress_robots_primary_cat":"none","_seopress_titles_title":"","_seopress_titles_desc":"","_seopress_robots_index":"","footnotes":""},"categories":[1],"tags":[],"edition":[],"class_list":["post-30842","post","type-post","status-publish","format-standard","has-post-thumbnail","hentry","category-non-classifiee"],"_links":{"self":[{"href":"https:\/\/www.saveurs-metiers.be\/fr\/wp-json\/wp\/v2\/posts\/30842","targetHints":{"allow":["GET"]}}],"collection":[{"href":"https:\/\/www.saveurs-metiers.be\/fr\/wp-json\/wp\/v2\/posts"}],"about":[{"href":"https:\/\/www.saveurs-metiers.be\/fr\/wp-json\/wp\/v2\/types\/post"}],"author":[{"embeddable":true,"href":"https:\/\/www.saveurs-metiers.be\/fr\/wp-json\/wp\/v2\/users\/179"}],"replies":[{"embeddable":true,"href":"https:\/\/www.saveurs-metiers.be\/fr\/wp-json\/wp\/v2\/comments?post=30842"}],"version-history":[{"count":5,"href":"https:\/\/www.saveurs-metiers.be\/fr\/wp-json\/wp\/v2\/posts\/30842\/revisions"}],"predecessor-version":[{"id":30855,"href":"https:\/\/www.saveurs-metiers.be\/fr\/wp-json\/wp\/v2\/posts\/30842\/revisions\/30855"}],"wp:featuredmedia":[{"embeddable":true,"href":"https:\/\/www.saveurs-metiers.be\/fr\/wp-json\/wp\/v2\/media\/30845"}],"wp:attachment":[{"href":"https:\/\/www.saveurs-metiers.be\/fr\/wp-json\/wp\/v2\/media?parent=30842"}],"wp:term":[{"taxonomy":"category","embeddable":true,"href":"https:\/\/www.saveurs-metiers.be\/fr\/wp-json\/wp\/v2\/categories?post=30842"},{"taxonomy":"post_tag","embeddable":true,"href":"https:\/\/www.saveurs-metiers.be\/fr\/wp-json\/wp\/v2\/tags?post=30842"},{"taxonomy":"edition","embeddable":true,"href":"https:\/\/www.saveurs-metiers.be\/fr\/wp-json\/wp\/v2\/edition?post=30842"}],"curies":[{"name":"wp","href":"https:\/\/api.w.org\/{rel}","templated":true}]}}