{"id":30549,"date":"2023-11-20T14:39:31","date_gmt":"2023-11-20T13:39:31","guid":{"rendered":"https:\/\/www.saveurs-metiers.be\/?p=30549"},"modified":"2023-11-20T14:39:40","modified_gmt":"2023-11-20T13:39:40","slug":"le-nutri-pact-une-nouvelle-initiative-pour-des-choix-alimentaires-plus-sains","status":"publish","type":"post","link":"https:\/\/www.saveurs-metiers.be\/fr\/le-nutri-pact-une-nouvelle-initiative-pour-des-choix-alimentaires-plus-sains\/","title":{"rendered":"Le Nutri-Pact : une nouvelle initiative pour des choix alimentaires plus sains"},"content":{"rendered":"\t\t<div data-elementor-type=\"wp-post\" data-elementor-id=\"30549\" class=\"elementor elementor-30549\" data-elementor-post-type=\"post\">\n\t\t\t\t\t\t<section class=\"elementor-section elementor-top-section elementor-element elementor-element-abddca4 elementor-section-boxed elementor-section-height-default elementor-section-height-default\" data-id=\"abddca4\" data-element_type=\"section\">\n\t\t\t\t\t\t<div class=\"elementor-container elementor-column-gap-default\">\n\t\t\t\t\t<div class=\"elementor-column elementor-col-100 elementor-top-column elementor-element elementor-element-e55a932\" data-id=\"e55a932\" data-element_type=\"column\">\n\t\t\t<div class=\"elementor-widget-wrap elementor-element-populated\">\n\t\t\t\t\t\t<div class=\"elementor-element elementor-element-02d2edb elementor-widget elementor-widget-text-editor\" data-id=\"02d2edb\" data-element_type=\"widget\" data-widget_type=\"text-editor.default\">\n\t\t\t\t<div class=\"elementor-widget-container\">\n\t\t\t\t\t\t\t\t\t<p>La lutte contre le surpoids et l&rsquo;ob\u00e9sit\u00e9 reste un d\u00e9fi majeur, notamment en Belgique. Fevia, la f\u00e9d\u00e9ration belge de l\u2019industrie alimentaire, et Comeos, la f\u00e9d\u00e9ration du commerce et des services, ont d\u00e9cid\u00e9 d\u2019unir leurs forces pour introduire le \u00ab\u00a0Nutri-Pact : une Coalition pour une Meilleure Alimentation\u00a0\u00bb, dont l\u2019objectif est d\u2019encourager et de promouvoir des choix alimentaires plus sains.<\/p><p>Le Nutri-Pact succ\u00e8de \u00e0 la pr\u00e9c\u00e9dente \u00ab\u00a0Convention Alimentation Equilibr\u00e9e (2012-2020)\u00a0\u00bb, en se fondant sur les acquis et en \u00e9largissant ses moyens et ambitions.<\/p>\t\t\t\t\t\t\t\t<\/div>\n\t\t\t\t<\/div>\n\t\t\t\t\t<\/div>\n\t\t<\/div>\n\t\t\t\t\t<\/div>\n\t\t<\/section>\n\t\t\t\t<section class=\"elementor-section elementor-top-section elementor-element elementor-element-00238dd elementor-section-boxed elementor-section-height-default elementor-section-height-default\" data-id=\"00238dd\" data-element_type=\"section\">\n\t\t\t\t\t\t<div class=\"elementor-container elementor-column-gap-default\">\n\t\t\t\t\t<div class=\"elementor-column elementor-col-100 elementor-top-column elementor-element elementor-element-9218c4f\" data-id=\"9218c4f\" data-element_type=\"column\">\n\t\t\t<div class=\"elementor-widget-wrap elementor-element-populated\">\n\t\t\t\t\t\t<div class=\"elementor-element elementor-element-1658448 elementor-widget elementor-widget-heading\" data-id=\"1658448\" data-element_type=\"widget\" data-widget_type=\"heading.default\">\n\t\t\t\t<div class=\"elementor-widget-container\">\n\t\t\t\t\t<h2 class=\"elementor-heading-title elementor-size-default\">Des engagements cl\u00e9s<\/h2>\t\t\t\t<\/div>\n\t\t\t\t<\/div>\n\t\t\t\t<div class=\"elementor-element elementor-element-acef4a3 elementor-widget elementor-widget-text-editor\" data-id=\"acef4a3\" data-element_type=\"widget\" data-widget_type=\"text-editor.default\">\n\t\t\t\t<div class=\"elementor-widget-container\">\n\t\t\t\t\t\t\t\t\t<p>Dans le cadre de ce nouveau pacte, les membres de Fevia et de Comeos s&rsquo;engagent \u00e0 am\u00e9liorer la qualit\u00e9 nutritionnelle de leurs produits alimentaires. <br \/>Cela se traduit par des actions concr\u00e8tes, telles que <strong>l&rsquo;int\u00e9gration accrue de c\u00e9r\u00e9ales compl\u00e8tes, de fruits, de l\u00e9gumes, de l\u00e9gumineuses et de noix dans leurs gammes<\/strong>. De plus, ils s&rsquo;efforceront de <strong>r\u00e9duire la teneur en sucre et en sel<\/strong> tout en augmentant la teneur en fibres, en se basant sur les recommandations de rapports scientifiques solides publi\u00e9s par Sciensano.<\/p>\t\t\t\t\t\t\t\t<\/div>\n\t\t\t\t<\/div>\n\t\t\t\t\t<\/div>\n\t\t<\/div>\n\t\t\t\t\t<\/div>\n\t\t<\/section>\n\t\t\t\t<section class=\"elementor-section elementor-top-section elementor-element elementor-element-2a4c16c elementor-section-boxed elementor-section-height-default elementor-section-height-default\" data-id=\"2a4c16c\" data-element_type=\"section\">\n\t\t\t\t\t\t<div class=\"elementor-container elementor-column-gap-default\">\n\t\t\t\t\t<div class=\"elementor-column elementor-col-100 elementor-top-column elementor-element elementor-element-aff898c\" data-id=\"aff898c\" data-element_type=\"column\">\n\t\t\t<div class=\"elementor-widget-wrap elementor-element-populated\">\n\t\t\t\t\t\t<div class=\"elementor-element elementor-element-f67ba82 elementor-widget elementor-widget-heading\" data-id=\"f67ba82\" data-element_type=\"widget\" data-widget_type=\"heading.default\">\n\t\t\t\t<div class=\"elementor-widget-container\">\n\t\t\t\t\t<h2 class=\"elementor-heading-title elementor-size-default\">Des strat\u00e9gies \"marketing\"<\/h2>\t\t\t\t<\/div>\n\t\t\t\t<\/div>\n\t\t\t\t<div class=\"elementor-element elementor-element-733f50f elementor-widget elementor-widget-text-editor\" data-id=\"733f50f\" data-element_type=\"widget\" data-widget_type=\"text-editor.default\">\n\t\t\t\t<div class=\"elementor-widget-container\">\n\t\t\t\t\t\t\t\t\t<p>En plus de ce premier volet d\u2019actions bas\u00e9es sur la composition des produits alimentaires eux-m\u00eames, le Nutri-Pact pr\u00e9voit un second volet d\u2019initiatives afin que les consommateurs soient davantage encourag\u00e9s \u00e0 adopter des habitudes plus saines. <br \/>Ce volet comprend notamment une strat\u00e9gie de \u00ab\u00a0nudging\u00a0\u00bb, qui vise \u00e0 <strong>mettre subtilement en avant les alternatives alimentaires plus saines dans les lieux de vente<\/strong>. Les r\u00e9sultats de ce projet, entam\u00e9 en 2023, sont attendus courant 2024. <\/p><p>En outre, la Fevia et Comeos encouragent les entreprises alimentaires \u00e0 accro\u00eetre leurs efforts marketing pour promouvoir les produits plus sains et \u00e0 <strong>communiquer proactivement sur les informations nutritionnelles<\/strong>, notamment via l\u2019affichage du Nutri-Score sur les emballages.<\/p>\t\t\t\t\t\t\t\t<\/div>\n\t\t\t\t<\/div>\n\t\t\t\t\t<\/div>\n\t\t<\/div>\n\t\t\t\t\t<\/div>\n\t\t<\/section>\n\t\t\t\t<section class=\"elementor-section elementor-top-section elementor-element elementor-element-9769d43 elementor-section-boxed elementor-section-height-default elementor-section-height-default\" data-id=\"9769d43\" data-element_type=\"section\">\n\t\t\t\t\t\t<div class=\"elementor-container elementor-column-gap-default\">\n\t\t\t\t\t<div class=\"elementor-column elementor-col-100 elementor-top-column elementor-element elementor-element-6031941\" data-id=\"6031941\" data-element_type=\"column\">\n\t\t\t<div class=\"elementor-widget-wrap elementor-element-populated\">\n\t\t\t\t\t\t<div class=\"elementor-element elementor-element-9130934 elementor-widget elementor-widget-heading\" data-id=\"9130934\" data-element_type=\"widget\" data-widget_type=\"heading.default\">\n\t\t\t\t<div class=\"elementor-widget-container\">\n\t\t\t\t\t<h2 class=\"elementor-heading-title elementor-size-default\">Une collaboration avec le pouvoir public et l'ensemble du secteur alimentaire<\/h2>\t\t\t\t<\/div>\n\t\t\t\t<\/div>\n\t\t\t\t<div class=\"elementor-element elementor-element-32e48ac elementor-widget elementor-widget-text-editor\" data-id=\"32e48ac\" data-element_type=\"widget\" data-widget_type=\"text-editor.default\">\n\t\t\t\t<div class=\"elementor-widget-container\">\n\t\t\t\t\t\t\t\t\t<p>Estimant qu&rsquo;une collaboration \u00e9troite avec le pouvoir public est essentielle pour assurer le succ\u00e8s du Nutri-Pact, Fevia et Comeos demandent au gouvernement de soutenir leurs initiatives. <br \/>Diff\u00e9rentes requ\u00eates concr\u00e8tes sont mises sur la table, notamment celle de mener des <strong>enqu\u00eates de consommation r\u00e9guli\u00e8res<\/strong> afin de disposer de donn\u00e9es \u00e0 jour sur les habitudes alimentaires belges, d\u2019en conna\u00eetre l\u2019\u00e9volution et d\u2019orienter les actions prioritaires. <br \/>Les autorit\u00e9s sont \u00e9galement sollicit\u00e9es pour la <strong>mise en place de campagnes de sensibilisation positives<\/strong> ou encore pour jouer un r\u00f4le de <strong>relais aupr\u00e8s des autres secteurs alimentaires (horeca, traiteur\u2026) afin qu\u2019eux aussi contribuent \u00e0 favoriser des choix alimentaires plus sains<\/strong>. <\/p>\t\t\t\t\t\t\t\t<\/div>\n\t\t\t\t<\/div>\n\t\t\t\t\t<\/div>\n\t\t<\/div>\n\t\t\t\t\t<\/div>\n\t\t<\/section>\n\t\t\t\t<section class=\"elementor-section elementor-top-section elementor-element elementor-element-a88cdeb elementor-section-boxed elementor-section-height-default elementor-section-height-default\" data-id=\"a88cdeb\" data-element_type=\"section\">\n\t\t\t\t\t\t<div class=\"elementor-container elementor-column-gap-default\">\n\t\t\t\t\t<div class=\"elementor-column elementor-col-100 elementor-top-column elementor-element elementor-element-02ba46f\" data-id=\"02ba46f\" data-element_type=\"column\">\n\t\t\t<div class=\"elementor-widget-wrap elementor-element-populated\">\n\t\t\t\t\t\t<div class=\"elementor-element elementor-element-994274c elementor-widget elementor-widget-text-editor\" data-id=\"994274c\" data-element_type=\"widget\" data-widget_type=\"text-editor.default\">\n\t\t\t\t<div class=\"elementor-widget-container\">\n\t\t\t\t\t\t\t\t\t<p>Les d\u00e9tails complets sur le Nutri-Pact et sur les pratiques exemplaires des entreprises alimentaires adh\u00e9rentes sont disponibles sur le site web <a href=\"https:\/\/nutripact.be\/\" target=\"_blank\" rel=\"noopener\">www.nutri-pact.be<\/a>.<\/p>\t\t\t\t\t\t\t\t<\/div>\n\t\t\t\t<\/div>\n\t\t\t\t\t<\/div>\n\t\t<\/div>\n\t\t\t\t\t<\/div>\n\t\t<\/section>\n\t\t\t\t<section class=\"elementor-section elementor-top-section elementor-element elementor-element-232beebb elementor-section-boxed elementor-section-height-default elementor-section-height-default elementor-invisible\" data-id=\"232beebb\" data-element_type=\"section\" data-settings=\"{&quot;background_background&quot;:&quot;classic&quot;,&quot;animation&quot;:&quot;headShake&quot;}\">\n\t\t\t\t\t\t<div class=\"elementor-container elementor-column-gap-default\">\n\t\t\t\t\t<div class=\"elementor-column elementor-col-100 elementor-top-column elementor-element elementor-element-38f89d91\" data-id=\"38f89d91\" data-element_type=\"column\">\n\t\t\t<div class=\"elementor-widget-wrap elementor-element-populated\">\n\t\t\t\t\t\t<div class=\"elementor-element elementor-element-3198ed9b elementor-widget elementor-widget-text-editor\" data-id=\"3198ed9b\" data-element_type=\"widget\" data-widget_type=\"text-editor.default\">\n\t\t\t\t<div class=\"elementor-widget-container\">\n\t\t\t\t\t\t\t\t\t<h1>Plus d&rsquo;inspiration et d&rsquo;infos savoureuses d\u00e9di\u00e9es au food retail et aux m\u00e9tiers de bouche ?<\/h1>\t\t\t\t\t\t\t\t<\/div>\n\t\t\t\t<\/div>\n\t\t\t\t<div class=\"elementor-element elementor-element-20ed8f3d elementor-align-center elementor-widget elementor-widget-button\" data-id=\"20ed8f3d\" data-element_type=\"widget\" data-widget_type=\"button.default\">\n\t\t\t\t<div class=\"elementor-widget-container\">\n\t\t\t\t\t\t\t\t\t<div class=\"elementor-button-wrapper\">\n\t\t\t\t\t<a class=\"elementor-button elementor-button-link elementor-size-md\" href=\"https:\/\/www.saveurs-metiers.be\/fr\/newsletter\/\">\n\t\t\t\t\t\t<span class=\"elementor-button-content-wrapper\">\n\t\t\t\t\t\t<span class=\"elementor-button-icon\">\n\t\t\t\t<svg aria-hidden=\"true\" class=\"e-font-icon-svg e-far-envelope-open\" viewBox=\"0 0 512 512\" xmlns=\"http:\/\/www.w3.org\/2000\/svg\"><path d=\"M494.586 164.516c-4.697-3.883-111.723-89.95-135.251-108.657C337.231 38.191 299.437 0 256 0c-43.205 0-80.636 37.717-103.335 55.859-24.463 19.45-131.07 105.195-135.15 108.549A48.004 48.004 0 0 0 0 201.485V464c0 26.51 21.49 48 48 48h416c26.51 0 48-21.49 48-48V201.509a48 48 0 0 0-17.414-36.993zM464 458a6 6 0 0 1-6 6H54a6 6 0 0 1-6-6V204.347c0-1.813.816-3.526 2.226-4.665 15.87-12.814 108.793-87.554 132.364-106.293C200.755 78.88 232.398 48 256 48c23.693 0 55.857 31.369 73.41 45.389 23.573 18.741 116.503 93.493 132.366 106.316a5.99 5.99 0 0 1 2.224 4.663V458zm-31.991-187.704c4.249 5.159 3.465 12.795-1.745 16.981-28.975 23.283-59.274 47.597-70.929 56.863C336.636 362.283 299.205 400 256 400c-43.452 0-81.287-38.237-103.335-55.86-11.279-8.967-41.744-33.413-70.927-56.865-5.21-4.187-5.993-11.822-1.745-16.981l15.258-18.528c4.178-5.073 11.657-5.843 16.779-1.726 28.618 23.001 58.566 47.035 70.56 56.571C200.143 320.631 232.307 352 256 352c23.602 0 55.246-30.88 73.41-45.389 11.994-9.535 41.944-33.57 70.563-56.568 5.122-4.116 12.601-3.346 16.778 1.727l15.258 18.526z\"><\/path><\/svg>\t\t\t<\/span>\n\t\t\t\t\t\t\t\t\t<span class=\"elementor-button-text\">Inscrivez-vous \u00e0 la newsletter Saveurs &amp; M\u00e9tiers<\/span>\n\t\t\t\t\t<\/span>\n\t\t\t\t\t<\/a>\n\t\t\t\t<\/div>\n\t\t\t\t\t\t\t\t<\/div>\n\t\t\t\t<\/div>\n\t\t\t\t\t<\/div>\n\t\t<\/div>\n\t\t\t\t\t<\/div>\n\t\t<\/section>\n\t\t\t\t<\/div>\n\t\t","protected":false},"excerpt":{"rendered":"<p>La lutte contre le surpoids et l&rsquo;ob\u00e9sit\u00e9 reste un d\u00e9fi majeur, notamment en Belgique. Fevia, la f\u00e9d\u00e9ration belge de l\u2019industrie alimentaire, et Comeos, la f\u00e9d\u00e9ration du commerce et des services, ont d\u00e9cid\u00e9 d\u2019unir leurs\u00a0 forces pour introduire le \u00ab\u00a0Nutri-Pact : une Coalition pour une Meilleure Alimentation\u00a0\u00bb, dont l\u2019objectif est d\u2019encourager et de promouvoir des choix alimentaires plus sains.<\/p>\n","protected":false},"author":179,"featured_media":30551,"comment_status":"closed","ping_status":"open","sticky":false,"template":"","format":"standard","meta":{"_seopress_robots_primary_cat":"none","_seopress_titles_title":"","_seopress_titles_desc":"","_seopress_robots_index":"","footnotes":""},"categories":[1],"tags":[],"edition":[],"class_list":["post-30549","post","type-post","status-publish","format-standard","has-post-thumbnail","hentry","category-non-classifiee"],"_links":{"self":[{"href":"https:\/\/www.saveurs-metiers.be\/fr\/wp-json\/wp\/v2\/posts\/30549","targetHints":{"allow":["GET"]}}],"collection":[{"href":"https:\/\/www.saveurs-metiers.be\/fr\/wp-json\/wp\/v2\/posts"}],"about":[{"href":"https:\/\/www.saveurs-metiers.be\/fr\/wp-json\/wp\/v2\/types\/post"}],"author":[{"embeddable":true,"href":"https:\/\/www.saveurs-metiers.be\/fr\/wp-json\/wp\/v2\/users\/179"}],"replies":[{"embeddable":true,"href":"https:\/\/www.saveurs-metiers.be\/fr\/wp-json\/wp\/v2\/comments?post=30549"}],"version-history":[{"count":5,"href":"https:\/\/www.saveurs-metiers.be\/fr\/wp-json\/wp\/v2\/posts\/30549\/revisions"}],"predecessor-version":[{"id":30557,"href":"https:\/\/www.saveurs-metiers.be\/fr\/wp-json\/wp\/v2\/posts\/30549\/revisions\/30557"}],"wp:featuredmedia":[{"embeddable":true,"href":"https:\/\/www.saveurs-metiers.be\/fr\/wp-json\/wp\/v2\/media\/30551"}],"wp:attachment":[{"href":"https:\/\/www.saveurs-metiers.be\/fr\/wp-json\/wp\/v2\/media?parent=30549"}],"wp:term":[{"taxonomy":"category","embeddable":true,"href":"https:\/\/www.saveurs-metiers.be\/fr\/wp-json\/wp\/v2\/categories?post=30549"},{"taxonomy":"post_tag","embeddable":true,"href":"https:\/\/www.saveurs-metiers.be\/fr\/wp-json\/wp\/v2\/tags?post=30549"},{"taxonomy":"edition","embeddable":true,"href":"https:\/\/www.saveurs-metiers.be\/fr\/wp-json\/wp\/v2\/edition?post=30549"}],"curies":[{"name":"wp","href":"https:\/\/api.w.org\/{rel}","templated":true}]}}