{"id":30117,"date":"2023-05-19T15:14:41","date_gmt":"2023-05-19T13:14:41","guid":{"rendered":"https:\/\/www.saveurs-metiers.be\/?p=30117"},"modified":"2023-05-19T15:14:51","modified_gmt":"2023-05-19T13:14:51","slug":"etiquetage-alimentaire-quelles-sont-les-regles-en-la-matiere","status":"publish","type":"post","link":"https:\/\/www.saveurs-metiers.be\/fr\/etiquetage-alimentaire-quelles-sont-les-regles-en-la-matiere\/","title":{"rendered":"Etiquetage alimentaire : quelles sont les r\u00e8gles en la mati\u00e8re ?"},"content":{"rendered":"\t\t<div data-elementor-type=\"wp-post\" data-elementor-id=\"30117\" class=\"elementor elementor-30117\" data-elementor-post-type=\"post\">\n\t\t\t\t\t\t<section class=\"elementor-section elementor-top-section elementor-element elementor-element-a7b73ad elementor-section-boxed elementor-section-height-default elementor-section-height-default\" data-id=\"a7b73ad\" data-element_type=\"section\">\n\t\t\t\t\t\t<div class=\"elementor-container elementor-column-gap-default\">\n\t\t\t\t\t<div class=\"elementor-column elementor-col-100 elementor-top-column elementor-element elementor-element-25c6bf7\" data-id=\"25c6bf7\" data-element_type=\"column\">\n\t\t\t<div class=\"elementor-widget-wrap elementor-element-populated\">\n\t\t\t\t\t\t<div class=\"elementor-element elementor-element-4856f9b elementor-widget elementor-widget-text-editor\" data-id=\"4856f9b\" data-element_type=\"widget\" data-widget_type=\"text-editor.default\">\n\t\t\t\t<div class=\"elementor-widget-container\">\n\t\t\t\t\t\t\t\t\t<p>Le r\u00e8glement europ\u00e9en FIC (\u00ab Information des Consommateurs sur les denr\u00e9es alimentaires \u00bb) r\u00e9git l&rsquo;\u00e9tiquetage alimentaire depuis 11 ans. Son objectif est de fournir aux consommateurs les informations suffisantes qui lui permettront de choisir de mani\u00e8re \u00e9clair\u00e9e les produits qu\u2019ils ach\u00e8tent et consomment. Les r\u00e8gles du FIC concernent l\u2019\u00e9tiquetage des dur\u00e9es de conservation, l\u2019\u00e9tiquetage d\u2019origine et l\u2019\u00e9tiquetage nutritionnel. Quelles sont les obligations \u00e0 respecter \u00e0 ces trois niveaux ? Quelles sont les \u00e9volutions possibles \u00e0 pr\u00e9voir ?<\/p>\t\t\t\t\t\t\t\t<\/div>\n\t\t\t\t<\/div>\n\t\t\t\t\t<\/div>\n\t\t<\/div>\n\t\t\t\t\t<\/div>\n\t\t<\/section>\n\t\t\t\t<section class=\"elementor-section elementor-top-section elementor-element elementor-element-6ccda0b elementor-section-boxed elementor-section-height-default elementor-section-height-default\" data-id=\"6ccda0b\" data-element_type=\"section\">\n\t\t\t\t\t\t<div class=\"elementor-container elementor-column-gap-default\">\n\t\t\t\t\t<div class=\"elementor-column elementor-col-100 elementor-top-column elementor-element elementor-element-d29bb4f\" data-id=\"d29bb4f\" data-element_type=\"column\">\n\t\t\t<div class=\"elementor-widget-wrap elementor-element-populated\">\n\t\t\t\t\t\t<div class=\"elementor-element elementor-element-3bf70af elementor-widget elementor-widget-heading\" data-id=\"3bf70af\" data-element_type=\"widget\" data-widget_type=\"heading.default\">\n\t\t\t\t<div class=\"elementor-widget-container\">\n\t\t\t\t\t<h2 class=\"elementor-heading-title elementor-size-default\">L'\u00e9tiquetage des dur\u00e9es de conservation<\/h2>\t\t\t\t<\/div>\n\t\t\t\t<\/div>\n\t\t\t\t<div class=\"elementor-element elementor-element-504ead9 elementor-widget elementor-widget-text-editor\" data-id=\"504ead9\" data-element_type=\"widget\" data-widget_type=\"text-editor.default\">\n\t\t\t\t<div class=\"elementor-widget-container\">\n\t\t\t\t\t\t\t\t\t<p>D\u2019apr\u00e8s la loi, tous les produits alimentaires doivent afficher une date de dur\u00e9e de conservation. En l&rsquo;occurrence, il existe en fait deux mani\u00e8re de mentionner la fameuse \u00ab\u00a0date de p\u00e9remption\u00a0\u00bb.<\/p>\t\t\t\t\t\t\t\t<\/div>\n\t\t\t\t<\/div>\n\t\t\t\t<section class=\"elementor-section elementor-inner-section elementor-element elementor-element-b77baed elementor-section-boxed elementor-section-height-default elementor-section-height-default\" data-id=\"b77baed\" data-element_type=\"section\" data-settings=\"{&quot;background_background&quot;:&quot;classic&quot;}\">\n\t\t\t\t\t\t<div class=\"elementor-container elementor-column-gap-default\">\n\t\t\t\t\t<div class=\"elementor-column elementor-col-50 elementor-inner-column elementor-element elementor-element-7976708\" data-id=\"7976708\" data-element_type=\"column\">\n\t\t\t<div class=\"elementor-widget-wrap elementor-element-populated\">\n\t\t\t\t\t\t<div class=\"elementor-element elementor-element-a7c1851 elementor-widget elementor-widget-heading\" data-id=\"a7c1851\" data-element_type=\"widget\" data-widget_type=\"heading.default\">\n\t\t\t\t<div class=\"elementor-widget-container\">\n\t\t\t\t\t<h4 class=\"elementor-heading-title elementor-size-default\">La date limite de consommation (DLC)<\/h4>\t\t\t\t<\/div>\n\t\t\t\t<\/div>\n\t\t\t\t<div class=\"elementor-element elementor-element-4022d26 elementor-widget elementor-widget-text-editor\" data-id=\"4022d26\" data-element_type=\"widget\" data-widget_type=\"text-editor.default\">\n\t\t\t\t<div class=\"elementor-widget-container\">\n\t\t\t\t\t\t\t\t\t<p>La Date Limite de Consommation (DLC) est la <strong>date stricte<\/strong> jusqu\u2019\u00e0 laquelle un aliment peut \u00eatre consomm\u00e9 (<em><strong>\u00ab \u00e0 consommer jusqu\u2019au\u2026 \u00bb<\/strong><\/em>). Elle est appos\u00e9e sur des produits microbiologiquement tr\u00e8s p\u00e9rissables : ces aliments vont donc se d\u00e9t\u00e9riorer rapidement et ne devront plus \u00eatre consomm\u00e9s une fois cette date d\u00e9pass\u00e9e.<\/p>\t\t\t\t\t\t\t\t<\/div>\n\t\t\t\t<\/div>\n\t\t\t\t\t<\/div>\n\t\t<\/div>\n\t\t\t\t<div class=\"elementor-column elementor-col-50 elementor-inner-column elementor-element elementor-element-bfdf9f7\" data-id=\"bfdf9f7\" data-element_type=\"column\">\n\t\t\t<div class=\"elementor-widget-wrap elementor-element-populated\">\n\t\t\t\t\t\t<div class=\"elementor-element elementor-element-9a2c018 elementor-widget elementor-widget-heading\" data-id=\"9a2c018\" data-element_type=\"widget\" data-widget_type=\"heading.default\">\n\t\t\t\t<div class=\"elementor-widget-container\">\n\t\t\t\t\t<h4 class=\"elementor-heading-title elementor-size-default\">La date de durabilit\u00e9 minimale (DDM)<\/h4>\t\t\t\t<\/div>\n\t\t\t\t<\/div>\n\t\t\t\t<div class=\"elementor-element elementor-element-10894ea elementor-widget elementor-widget-text-editor\" data-id=\"10894ea\" data-element_type=\"widget\" data-widget_type=\"text-editor.default\">\n\t\t\t\t<div class=\"elementor-widget-container\">\n\t\t\t\t\t\t\t\t\t<p>La Date de Durabilit\u00e9 Minimale (DDM), nettement <strong>moins stricte<\/strong>, sera pr\u00e9c\u00e9d\u00e9e de la mention <strong><em>\u00ab \u00e0 consommer de pr\u00e9f\u00e9rence avant\u2026 \u00bb<\/em><\/strong>. Elle sera utilis\u00e9e sur des produits de moyenne et de longue conservation pour indiquer l&rsquo;\u00e9ch\u00e9ance jusqu\u2019\u00e0 laquelle le fabricant garantit la qualit\u00e9 optimale du produit. Ce dernier pourra donc \u00eatre consomm\u00e9 des jours, des semaines voire des mois apr\u00e8s cette date, sans risque pour la sant\u00e9.\u00a0\u00a0<\/p>\t\t\t\t\t\t\t\t<\/div>\n\t\t\t\t<\/div>\n\t\t\t\t\t<\/div>\n\t\t<\/div>\n\t\t\t\t\t<\/div>\n\t\t<\/section>\n\t\t\t\t<div class=\"elementor-element elementor-element-036e45b elementor-widget elementor-widget-text-editor\" data-id=\"036e45b\" data-element_type=\"widget\" data-widget_type=\"text-editor.default\">\n\t\t\t\t<div class=\"elementor-widget-container\">\n\t\t\t\t\t\t\t\t\t<p>Afin de lutter contre le gaspillage et les pertes alimentaires, l\u2019Europe envisage de revoir les r\u00e8gles concernant l&rsquo;\u00e9tiquetage des dur\u00e9es de consommation. En effet, un constat appara\u00eet clairement : pas toujours bien inform\u00e9s de la diff\u00e9rence entre les deux marquages de date de p\u00e9remption, de nombreux consommateurs ont tendance \u00e0 jeter trop rapidement des aliments qu\u2019ils consid\u00e8rent comme \u00ab p\u00e9rim\u00e9s \u00bb alors que ceux-ci pourraient encore tout \u00e0 fait \u00eatre consomm\u00e9s sans risque de tomber malade. <br \/>A l&rsquo;avenir, la terminologie pourrait donc \u00eatre revue pour am\u00e9liorer la bonne compr\u00e9hsension par les consommateurs. Il pourrait aussi \u00eatre question d&rsquo;un \u00e9largissement de la liste des aliments concern\u00e9s par la DDM, voire d&rsquo;une suppression pure et simple de cette liste. Affaire \u00e0 suivre&#8230;<\/p>\t\t\t\t\t\t\t\t<\/div>\n\t\t\t\t<\/div>\n\t\t\t\t\t<\/div>\n\t\t<\/div>\n\t\t\t\t\t<\/div>\n\t\t<\/section>\n\t\t\t\t<section class=\"elementor-section elementor-top-section elementor-element elementor-element-420490f elementor-section-boxed elementor-section-height-default elementor-section-height-default\" data-id=\"420490f\" data-element_type=\"section\">\n\t\t\t\t\t\t<div class=\"elementor-container elementor-column-gap-default\">\n\t\t\t\t\t<div class=\"elementor-column elementor-col-100 elementor-top-column elementor-element elementor-element-ef47d9b\" data-id=\"ef47d9b\" data-element_type=\"column\">\n\t\t\t<div class=\"elementor-widget-wrap elementor-element-populated\">\n\t\t\t\t\t\t<div class=\"elementor-element elementor-element-523460f elementor-widget elementor-widget-heading\" data-id=\"523460f\" data-element_type=\"widget\" data-widget_type=\"heading.default\">\n\t\t\t\t<div class=\"elementor-widget-container\">\n\t\t\t\t\t<h2 class=\"elementor-heading-title elementor-size-default\">L'\u00e9tiquetage d'origine<\/h2>\t\t\t\t<\/div>\n\t\t\t\t<\/div>\n\t\t\t\t<div class=\"elementor-element elementor-element-f0e6b58 elementor-widget elementor-widget-text-editor\" data-id=\"f0e6b58\" data-element_type=\"widget\" data-widget_type=\"text-editor.default\">\n\t\t\t\t<div class=\"elementor-widget-container\">\n\t\t\t\t\t\t\t\t\t<p>Soucieux de privil\u00e9gier les circuits locaux, de plus en plus de consommateurs souhaitent conna\u00eetre l\u2019origine des produits qu&rsquo;ils trouvent en magasin. <br \/>La l\u00e9gislation europ\u00e9enne impose de renseigner l\u2019origine de certains produits alimentaires, tels que les fruits et l\u00e9gumes, l\u2019huile d\u2019olive, le miel, la viande de porc, le b\u0153uf, les ovins, les caprins, la volaille, les poissons et les crustac\u00e9s. Pour les autres produits, l\u2019\u00e9tiquetage d\u2019origine se fait sur base volontaire.<\/p>\t\t\t\t\t\t\t\t<\/div>\n\t\t\t\t<\/div>\n\t\t\t\t\t<\/div>\n\t\t<\/div>\n\t\t\t\t\t<\/div>\n\t\t<\/section>\n\t\t\t\t<section class=\"elementor-section elementor-top-section elementor-element elementor-element-be8bf17 elementor-section-boxed elementor-section-height-default elementor-section-height-default\" data-id=\"be8bf17\" data-element_type=\"section\">\n\t\t\t\t\t\t<div class=\"elementor-container elementor-column-gap-default\">\n\t\t\t\t\t<div class=\"elementor-column elementor-col-100 elementor-top-column elementor-element elementor-element-fc94888\" data-id=\"fc94888\" data-element_type=\"column\">\n\t\t\t<div class=\"elementor-widget-wrap elementor-element-populated\">\n\t\t\t\t\t\t<div class=\"elementor-element elementor-element-b48c29e elementor-widget elementor-widget-heading\" data-id=\"b48c29e\" data-element_type=\"widget\" data-widget_type=\"heading.default\">\n\t\t\t\t<div class=\"elementor-widget-container\">\n\t\t\t\t\t<h2 class=\"elementor-heading-title elementor-size-default\">L'\u00e9tiquetage nutritionnel<\/h2>\t\t\t\t<\/div>\n\t\t\t\t<\/div>\n\t\t\t\t<div class=\"elementor-element elementor-element-c965690 elementor-widget elementor-widget-text-editor\" data-id=\"c965690\" data-element_type=\"widget\" data-widget_type=\"text-editor.default\">\n\t\t\t\t<div class=\"elementor-widget-container\">\n\t\t\t\t\t\t\t\t\t<p>Le FIC pr\u00e9voit la pr\u00e9sence d&rsquo;informations nutritionnelles sur les aliments. En compl\u00e9ment de cette base l\u00e9gale, les Etats membres peuvent mettre en place d\u2019autres syst\u00e8mes sur base volontaire, tels que le gouvernement belge l\u2019a fait avec le Nutri-score. <br \/>Dans le cadre de sa strat\u00e9gie \u00ab Farm to Fork \u00bb, l\u2019Europe envisage de r\u00e9viser le FIC dans diff\u00e9rents aspects ; l\u2019une des \u00e9volutions possibles serait la mise en place d\u2019un syst\u00e8me d\u2019\u00e9tiquetage nutritionnel et une repr\u00e9sentation visuelle unique au niveau europ\u00e9en.<br \/>Les discussions vont bon train pour \u00e9tablir la solidit\u00e9 scientifique de ce syst\u00e8me, pour parvenir \u00e0 un consensus europ\u00e9en sur les recommandations nutritionnelles et pour d\u00e9finir les modalit\u00e9s de mise en \u0153uvre et de contr\u00f4le.<\/p>\t\t\t\t\t\t\t\t<\/div>\n\t\t\t\t<\/div>\n\t\t\t\t\t<\/div>\n\t\t<\/div>\n\t\t\t\t\t<\/div>\n\t\t<\/section>\n\t\t\t\t<section class=\"elementor-section elementor-top-section elementor-element elementor-element-2d98231 elementor-section-boxed elementor-section-height-default elementor-section-height-default\" data-id=\"2d98231\" data-element_type=\"section\">\n\t\t\t\t\t\t<div class=\"elementor-container elementor-column-gap-default\">\n\t\t\t\t\t<div class=\"elementor-column elementor-col-100 elementor-top-column elementor-element elementor-element-7272c06\" data-id=\"7272c06\" data-element_type=\"column\">\n\t\t\t<div class=\"elementor-widget-wrap elementor-element-populated\">\n\t\t\t\t\t\t<div class=\"elementor-element elementor-element-040d063 elementor-widget elementor-widget-text-editor\" data-id=\"040d063\" data-element_type=\"widget\" data-widget_type=\"text-editor.default\">\n\t\t\t\t<div class=\"elementor-widget-container\">\n\t\t\t\t\t\t\t\t\t<p>Sources : <a href=\"https:\/\/www.favv-afsca.be\/consommateurs\/\" target=\"_blank\" rel=\"noopener\">www.favv-afsca.be<\/a>, <a href=\"https:\/\/www.fevia.be\/fr\/actualites\/trois-evolutions-cruciales-de-la-legislation-sur-letiquetage-des-aliments\" target=\"_blank\" rel=\"noopener\">www.fevia.be<\/a>, <a href=\"https:\/\/www.health.belgium.be\/fr\" target=\"_blank\" rel=\"noopener\">www.health.belgium.be<\/a><\/p>\t\t\t\t\t\t\t\t<\/div>\n\t\t\t\t<\/div>\n\t\t\t\t\t<\/div>\n\t\t<\/div>\n\t\t\t\t\t<\/div>\n\t\t<\/section>\n\t\t\t\t<section class=\"elementor-section elementor-top-section elementor-element elementor-element-34317544 elementor-section-boxed elementor-section-height-default elementor-section-height-default elementor-invisible\" data-id=\"34317544\" data-element_type=\"section\" data-settings=\"{&quot;background_background&quot;:&quot;classic&quot;,&quot;animation&quot;:&quot;headShake&quot;}\">\n\t\t\t\t\t\t<div class=\"elementor-container elementor-column-gap-default\">\n\t\t\t\t\t<div class=\"elementor-column elementor-col-100 elementor-top-column elementor-element elementor-element-3d85d455\" data-id=\"3d85d455\" data-element_type=\"column\">\n\t\t\t<div class=\"elementor-widget-wrap elementor-element-populated\">\n\t\t\t\t\t\t<div class=\"elementor-element elementor-element-50135029 elementor-widget elementor-widget-text-editor\" data-id=\"50135029\" data-element_type=\"widget\" data-widget_type=\"text-editor.default\">\n\t\t\t\t<div class=\"elementor-widget-container\">\n\t\t\t\t\t\t\t\t\t<h1>Plus d&rsquo;inspiration et d&rsquo;infos savoureuses d\u00e9di\u00e9es au food retail et aux m\u00e9tiers de bouche ?<\/h1>\t\t\t\t\t\t\t\t<\/div>\n\t\t\t\t<\/div>\n\t\t\t\t<div class=\"elementor-element elementor-element-7368640 elementor-align-center elementor-widget elementor-widget-button\" data-id=\"7368640\" data-element_type=\"widget\" data-widget_type=\"button.default\">\n\t\t\t\t<div class=\"elementor-widget-container\">\n\t\t\t\t\t\t\t\t\t<div class=\"elementor-button-wrapper\">\n\t\t\t\t\t<a class=\"elementor-button elementor-button-link elementor-size-md\" href=\"https:\/\/www.saveurs-metiers.be\/fr\/newsletter\/\">\n\t\t\t\t\t\t<span class=\"elementor-button-content-wrapper\">\n\t\t\t\t\t\t<span class=\"elementor-button-icon\">\n\t\t\t\t<svg aria-hidden=\"true\" class=\"e-font-icon-svg e-far-envelope-open\" viewBox=\"0 0 512 512\" xmlns=\"http:\/\/www.w3.org\/2000\/svg\"><path d=\"M494.586 164.516c-4.697-3.883-111.723-89.95-135.251-108.657C337.231 38.191 299.437 0 256 0c-43.205 0-80.636 37.717-103.335 55.859-24.463 19.45-131.07 105.195-135.15 108.549A48.004 48.004 0 0 0 0 201.485V464c0 26.51 21.49 48 48 48h416c26.51 0 48-21.49 48-48V201.509a48 48 0 0 0-17.414-36.993zM464 458a6 6 0 0 1-6 6H54a6 6 0 0 1-6-6V204.347c0-1.813.816-3.526 2.226-4.665 15.87-12.814 108.793-87.554 132.364-106.293C200.755 78.88 232.398 48 256 48c23.693 0 55.857 31.369 73.41 45.389 23.573 18.741 116.503 93.493 132.366 106.316a5.99 5.99 0 0 1 2.224 4.663V458zm-31.991-187.704c4.249 5.159 3.465 12.795-1.745 16.981-28.975 23.283-59.274 47.597-70.929 56.863C336.636 362.283 299.205 400 256 400c-43.452 0-81.287-38.237-103.335-55.86-11.279-8.967-41.744-33.413-70.927-56.865-5.21-4.187-5.993-11.822-1.745-16.981l15.258-18.528c4.178-5.073 11.657-5.843 16.779-1.726 28.618 23.001 58.566 47.035 70.56 56.571C200.143 320.631 232.307 352 256 352c23.602 0 55.246-30.88 73.41-45.389 11.994-9.535 41.944-33.57 70.563-56.568 5.122-4.116 12.601-3.346 16.778 1.727l15.258 18.526z\"><\/path><\/svg>\t\t\t<\/span>\n\t\t\t\t\t\t\t\t\t<span class=\"elementor-button-text\">Inscrivez-vous \u00e0 la newsletter Saveurs &amp; M\u00e9tiers<\/span>\n\t\t\t\t\t<\/span>\n\t\t\t\t\t<\/a>\n\t\t\t\t<\/div>\n\t\t\t\t\t\t\t\t<\/div>\n\t\t\t\t<\/div>\n\t\t\t\t\t<\/div>\n\t\t<\/div>\n\t\t\t\t\t<\/div>\n\t\t<\/section>\n\t\t\t\t<\/div>\n\t\t","protected":false},"excerpt":{"rendered":"<p>Le r\u00e8glement europ\u00e9en FIC (\u00ab Information des Consommateurs sur les denr\u00e9es alimentaires \u00bb) r\u00e9git l&rsquo;\u00e9tiquetage alimentaire depuis 11 ans. Son objectif est de fournir aux consommateurs les informations suffisantes qui lui permettront de choisir de mani\u00e8re \u00e9clair\u00e9e les produits qu\u2019ils ach\u00e8tent et consomment. Les r\u00e8gles du FIC concernent l\u2019\u00e9tiquetage des dur\u00e9es de conservation, l\u2019\u00e9tiquetage d\u2019origine et l\u2019\u00e9tiquetage nutritionnel. Quelles sont les obligations \u00e0 respecter \u00e0 ces trois niveaux ? Quelles sont les \u00e9volutions possibles \u00e0 pr\u00e9voir ?<\/p>\n","protected":false},"author":179,"featured_media":30119,"comment_status":"closed","ping_status":"open","sticky":false,"template":"","format":"standard","meta":{"_seopress_robots_primary_cat":"none","_seopress_titles_title":"","_seopress_titles_desc":"","_seopress_robots_index":"","footnotes":""},"categories":[1],"tags":[],"edition":[],"class_list":["post-30117","post","type-post","status-publish","format-standard","has-post-thumbnail","hentry","category-non-classifiee"],"_links":{"self":[{"href":"https:\/\/www.saveurs-metiers.be\/fr\/wp-json\/wp\/v2\/posts\/30117","targetHints":{"allow":["GET"]}}],"collection":[{"href":"https:\/\/www.saveurs-metiers.be\/fr\/wp-json\/wp\/v2\/posts"}],"about":[{"href":"https:\/\/www.saveurs-metiers.be\/fr\/wp-json\/wp\/v2\/types\/post"}],"author":[{"embeddable":true,"href":"https:\/\/www.saveurs-metiers.be\/fr\/wp-json\/wp\/v2\/users\/179"}],"replies":[{"embeddable":true,"href":"https:\/\/www.saveurs-metiers.be\/fr\/wp-json\/wp\/v2\/comments?post=30117"}],"version-history":[{"count":5,"href":"https:\/\/www.saveurs-metiers.be\/fr\/wp-json\/wp\/v2\/posts\/30117\/revisions"}],"predecessor-version":[{"id":30125,"href":"https:\/\/www.saveurs-metiers.be\/fr\/wp-json\/wp\/v2\/posts\/30117\/revisions\/30125"}],"wp:featuredmedia":[{"embeddable":true,"href":"https:\/\/www.saveurs-metiers.be\/fr\/wp-json\/wp\/v2\/media\/30119"}],"wp:attachment":[{"href":"https:\/\/www.saveurs-metiers.be\/fr\/wp-json\/wp\/v2\/media?parent=30117"}],"wp:term":[{"taxonomy":"category","embeddable":true,"href":"https:\/\/www.saveurs-metiers.be\/fr\/wp-json\/wp\/v2\/categories?post=30117"},{"taxonomy":"post_tag","embeddable":true,"href":"https:\/\/www.saveurs-metiers.be\/fr\/wp-json\/wp\/v2\/tags?post=30117"},{"taxonomy":"edition","embeddable":true,"href":"https:\/\/www.saveurs-metiers.be\/fr\/wp-json\/wp\/v2\/edition?post=30117"}],"curies":[{"name":"wp","href":"https:\/\/api.w.org\/{rel}","templated":true}]}}