{"id":30102,"date":"2023-05-16T16:33:29","date_gmt":"2023-05-16T14:33:29","guid":{"rendered":"https:\/\/www.saveurs-metiers.be\/?p=30102"},"modified":"2023-05-16T16:33:42","modified_gmt":"2023-05-16T14:33:42","slug":"made-in-belgium-quand-et-comment-utiliser-cette-appellation","status":"publish","type":"post","link":"https:\/\/www.saveurs-metiers.be\/fr\/made-in-belgium-quand-et-comment-utiliser-cette-appellation\/","title":{"rendered":"&lsquo;Made in Belgium&rsquo; : quand et comment utiliser cette appellation ?"},"content":{"rendered":"\t\t<div data-elementor-type=\"wp-post\" data-elementor-id=\"30102\" class=\"elementor elementor-30102\" data-elementor-post-type=\"post\">\n\t\t\t\t\t\t<section class=\"elementor-section elementor-top-section elementor-element elementor-element-41a3c19 elementor-section-boxed elementor-section-height-default elementor-section-height-default\" data-id=\"41a3c19\" data-element_type=\"section\">\n\t\t\t\t\t\t<div class=\"elementor-container elementor-column-gap-default\">\n\t\t\t\t\t<div class=\"elementor-column elementor-col-100 elementor-top-column elementor-element elementor-element-d380f6f\" data-id=\"d380f6f\" data-element_type=\"column\">\n\t\t\t<div class=\"elementor-widget-wrap elementor-element-populated\">\n\t\t\t\t\t\t<div class=\"elementor-element elementor-element-b7db7c3 elementor-widget elementor-widget-text-editor\" data-id=\"b7db7c3\" data-element_type=\"widget\" data-widget_type=\"text-editor.default\">\n\t\t\t\t<div class=\"elementor-widget-container\">\n\t\t\t\t\t\t\t\t\t<p><strong>A l\u2019heure o\u00f9 les consommateurs pl\u00e9biscitent les alternatives locales, il devient de plus en plus int\u00e9ressant de mettre en avant l\u2019origine belge d\u2019un produit. Mais que peut-on faire ou ne pas faire ?<\/strong><\/p>\t\t\t\t\t\t\t\t<\/div>\n\t\t\t\t<\/div>\n\t\t\t\t\t<\/div>\n\t\t<\/div>\n\t\t\t\t\t<\/div>\n\t\t<\/section>\n\t\t\t\t<section class=\"elementor-section elementor-top-section elementor-element elementor-element-ac7330b elementor-section-boxed elementor-section-height-default elementor-section-height-default\" data-id=\"ac7330b\" data-element_type=\"section\">\n\t\t\t\t\t\t<div class=\"elementor-container elementor-column-gap-default\">\n\t\t\t\t\t<div class=\"elementor-column elementor-col-100 elementor-top-column elementor-element elementor-element-2d0c198\" data-id=\"2d0c198\" data-element_type=\"column\">\n\t\t\t<div class=\"elementor-widget-wrap elementor-element-populated\">\n\t\t\t\t\t\t<div class=\"elementor-element elementor-element-56a4454 elementor-widget elementor-widget-heading\" data-id=\"56a4454\" data-element_type=\"widget\" data-widget_type=\"heading.default\">\n\t\t\t\t<div class=\"elementor-widget-container\">\n\t\t\t\t\t<h2 class=\"elementor-heading-title elementor-size-default\">Comment utiliser l\u2019appellation \u00ab Made in Belgium \u00bb ? <\/h2>\t\t\t\t<\/div>\n\t\t\t\t<\/div>\n\t\t\t\t<div class=\"elementor-element elementor-element-11811b5 elementor-widget elementor-widget-text-editor\" data-id=\"11811b5\" data-element_type=\"widget\" data-widget_type=\"text-editor.default\">\n\t\t\t\t<div class=\"elementor-widget-container\">\n\t\t\t\t\t\t\t\t\t<p>La l\u00e9gislation europ\u00e9enne impose de renseigner l\u2019origine de certains produits alimentaires, tels que les fruits et l\u00e9gumes, l\u2019huile d\u2019olive, le miel, la viande de porc, le b\u0153uf, les ovins, les caprins, la volaille, les poissons et les crustac\u00e9s. <br \/>Sur ces produits, la mention \u00ab Made in Belgium \u00bb peut donc \u00eatre ajout\u00e9e sur le devant de l\u2019emballage ou en tous les cas, le nom du pays en toutes lettres doit \u00eatre indiqu\u00e9. Cette mention pro\u00e9minente laisse entendre que ces aliments sont 100% obtenus sur le sol belge.<\/p><p>Toutefois, l\u2019appellation \u00ab Made in Belgium \u00bb peut aussi \u00eatre utilis\u00e9e pour un produit fabriqu\u00e9 dans plusieurs pays, pour autant que la Belgique soit <strong>le pays o\u00f9 a \u00e9t\u00e9 effectu\u00e9e la derni\u00e8re transformation du produit.<\/strong> <br \/>Un produit peut donc \u00eatre estampill\u00e9 \u00ab Made in Belgium \u00bb, si les premi\u00e8res \u00e9tapes de sa fabrication ont lieu dans un ou plusieurs autres pays et m\u00eame si le produit\u00a0 contient des mati\u00e8res premi\u00e8res provenant de l\u2019\u00e9tranger. <br \/>Une restriction existe cependant : si l\u2019origine de l\u2019ingr\u00e9dient primaire (ingr\u00e9dient principal, repr\u00e9sentant + de 50% du produit) est diff\u00e9rente de l\u2019origine indiqu\u00e9e sur le produit alors l\u2019origine de l\u2019ingr\u00e9dient primaire doit \u00e9galement \u00eatre indiqu\u00e9e sur l\u2019emballage.<\/p>\t\t\t\t\t\t\t\t<\/div>\n\t\t\t\t<\/div>\n\t\t\t\t\t<\/div>\n\t\t<\/div>\n\t\t\t\t\t<\/div>\n\t\t<\/section>\n\t\t\t\t<section class=\"elementor-section elementor-top-section elementor-element elementor-element-a0f5ff4 elementor-section-boxed elementor-section-height-default elementor-section-height-default\" data-id=\"a0f5ff4\" data-element_type=\"section\">\n\t\t\t\t\t\t<div class=\"elementor-container elementor-column-gap-default\">\n\t\t\t\t\t<div class=\"elementor-column elementor-col-100 elementor-top-column elementor-element elementor-element-28d8513\" data-id=\"28d8513\" data-element_type=\"column\">\n\t\t\t<div class=\"elementor-widget-wrap elementor-element-populated\">\n\t\t\t\t\t\t<div class=\"elementor-element elementor-element-518ff6c elementor-widget elementor-widget-heading\" data-id=\"518ff6c\" data-element_type=\"widget\" data-widget_type=\"heading.default\">\n\t\t\t\t<div class=\"elementor-widget-container\">\n\t\t\t\t\t<h2 class=\"elementor-heading-title elementor-size-default\">L\u2019appellation \u00ab Made in Belgium \u00bb est-elle encadr\u00e9e l\u00e9galement ?  <\/h2>\t\t\t\t<\/div>\n\t\t\t\t<\/div>\n\t\t\t\t<div class=\"elementor-element elementor-element-091b5d2 elementor-widget elementor-widget-text-editor\" data-id=\"091b5d2\" data-element_type=\"widget\" data-widget_type=\"text-editor.default\">\n\t\t\t\t<div class=\"elementor-widget-container\">\n\t\t\t\t\t\t\t\t\t<p>Contrairement \u00e0 son voisin fran\u00e7ais ou \u00e0 d&rsquo;autres pays europ\u00e9ens, le l\u00e9gislateur belge n\u2019a pas pourvu l\u2019appellation \u00ab Made in Belgium \u00bb ou \u00ab certifi\u00e9 d\u2019origine belge \u00bb d\u2019un cadre sp\u00e9cifique.<br \/>De ce fait, il n&rsquo;existe chez nous aucun organisme certificateur ind\u00e9pendant charg\u00e9 d&rsquo;attribuer cette mention. Chacun est donc libre d&rsquo;utiliser \u00e0 sa guise l&rsquo;appellation \u00ab Made in Belgium \u00bb, m\u00eame si la d\u00e9ontologie impose un devoir d&rsquo;honn\u00eatet\u00e9 vis-\u00e0-vis des consommateurs.\u00a0<br \/>Une exception est \u00e0 pr\u00e9voir pour les soci\u00e9t\u00e9s qui exportent leurs produits. Celles-ci sont oblig\u00e9es de remplir un certificat d\u2019origine qui est d\u00e9livr\u00e9 par la chambre des commerces et atteste la nationalit\u00e9 du produit. <\/p>\t\t\t\t\t\t\t\t<\/div>\n\t\t\t\t<\/div>\n\t\t\t\t\t<\/div>\n\t\t<\/div>\n\t\t\t\t\t<\/div>\n\t\t<\/section>\n\t\t\t\t<section class=\"elementor-section elementor-top-section elementor-element elementor-element-e865f79 elementor-section-boxed elementor-section-height-default elementor-section-height-default\" data-id=\"e865f79\" data-element_type=\"section\">\n\t\t\t\t\t\t<div class=\"elementor-container elementor-column-gap-default\">\n\t\t\t\t\t<div class=\"elementor-column elementor-col-100 elementor-top-column elementor-element elementor-element-4c59131\" data-id=\"4c59131\" data-element_type=\"column\">\n\t\t\t<div class=\"elementor-widget-wrap elementor-element-populated\">\n\t\t\t\t\t\t<div class=\"elementor-element elementor-element-7057cba elementor-widget elementor-widget-heading\" data-id=\"7057cba\" data-element_type=\"widget\" data-widget_type=\"heading.default\">\n\t\t\t\t<div class=\"elementor-widget-container\">\n\t\t\t\t\t<h2 class=\"elementor-heading-title elementor-size-default\">Existe-t-il d'autres labels garantissant l'origine belge ?<\/h2>\t\t\t\t<\/div>\n\t\t\t\t<\/div>\n\t\t\t\t<div class=\"elementor-element elementor-element-67ba2eb elementor-widget elementor-widget-text-editor\" data-id=\"67ba2eb\" data-element_type=\"widget\" data-widget_type=\"text-editor.default\">\n\t\t\t\t<div class=\"elementor-widget-container\">\n\t\t\t\t\t\t\t\t\t<p>L\u2019appellation \u00ab Made in Belgium \u00bb n\u2019est pas la seule \u00e0 \u00eatre appos\u00e9e sur les produits, qui affichent parfois d&rsquo;autres mentions comme \u00ab Belgian product \u00bb, \u00ab manufactured\/producted by Belgium \u00bb ou encore un simple drapeau belge. <br \/>Ces autres appellations qui ancrent la \u00ab\u00a0belgitude\u00a0\u00bb d&rsquo;un produit sont nombreuses ; toutes ne rentrent pas pour autant dans ce qu\u2019on appelle le \u00ab marquage d\u2019origine \u00bb, \u00e0 l&rsquo;image des mentions \u2018Belgian Style\u2019, \u2018Belgian Recipe\u2019, \u2018Made in Flanders\u2019 ou encore \u2018Brussels Beer\u2019. <\/p>\t\t\t\t\t\t\t\t<\/div>\n\t\t\t\t<\/div>\n\t\t\t\t\t<\/div>\n\t\t<\/div>\n\t\t\t\t\t<\/div>\n\t\t<\/section>\n\t\t\t\t<section class=\"elementor-section elementor-top-section elementor-element elementor-element-ecb9a06 elementor-section-boxed elementor-section-height-default elementor-section-height-default\" data-id=\"ecb9a06\" data-element_type=\"section\">\n\t\t\t\t\t\t<div class=\"elementor-container elementor-column-gap-default\">\n\t\t\t\t\t<div class=\"elementor-column elementor-col-33 elementor-top-column elementor-element elementor-element-618d0a6\" data-id=\"618d0a6\" data-element_type=\"column\">\n\t\t\t<div class=\"elementor-widget-wrap elementor-element-populated\">\n\t\t\t\t\t\t<div class=\"elementor-element elementor-element-f60ce2a elementor-widget elementor-widget-image\" data-id=\"f60ce2a\" data-element_type=\"widget\" data-widget_type=\"image.default\">\n\t\t\t\t<div class=\"elementor-widget-container\">\n\t\t\t\t\t\t\t\t\t\t\t\t\t\t\t<img fetchpriority=\"high\" decoding=\"async\" width=\"800\" height=\"800\" src=\"https:\/\/easyfairsassets.com\/sites\/194\/2023\/05\/shutterstock_1454538680-1024x1024.jpg\" class=\"attachment-large size-large wp-image-30108\" alt=\"\" srcset=\"https:\/\/easyfairsassets.com\/sites\/194\/2023\/05\/shutterstock_1454538680-1024x1024.jpg 1024w, https:\/\/easyfairsassets.com\/sites\/194\/2023\/05\/shutterstock_1454538680-300x300.jpg 300w, https:\/\/easyfairsassets.com\/sites\/194\/2023\/05\/shutterstock_1454538680-150x150.jpg 150w, https:\/\/easyfairsassets.com\/sites\/194\/2023\/05\/shutterstock_1454538680-768x768.jpg 768w, https:\/\/easyfairsassets.com\/sites\/194\/2023\/05\/shutterstock_1454538680-1536x1536.jpg 1536w, https:\/\/easyfairsassets.com\/sites\/194\/2023\/05\/shutterstock_1454538680.jpg 1920w\" sizes=\"(max-width: 800px) 100vw, 800px\" \/>\t\t\t\t\t\t\t\t\t\t\t\t\t\t\t<\/div>\n\t\t\t\t<\/div>\n\t\t\t\t\t<\/div>\n\t\t<\/div>\n\t\t\t\t<div class=\"elementor-column elementor-col-66 elementor-top-column elementor-element elementor-element-b932fb8\" data-id=\"b932fb8\" data-element_type=\"column\">\n\t\t\t<div class=\"elementor-widget-wrap elementor-element-populated\">\n\t\t\t\t\t\t<div class=\"elementor-element elementor-element-f95d0ce elementor-widget elementor-widget-heading\" data-id=\"f95d0ce\" data-element_type=\"widget\" data-widget_type=\"heading.default\">\n\t\t\t\t<div class=\"elementor-widget-container\">\n\t\t\t\t\t<h2 class=\"elementor-heading-title elementor-size-default\">Et au niveau r\u00e9gional ?<\/h2>\t\t\t\t<\/div>\n\t\t\t\t<\/div>\n\t\t\t\t<div class=\"elementor-element elementor-element-88527d9 elementor-widget elementor-widget-text-editor\" data-id=\"88527d9\" data-element_type=\"widget\" data-widget_type=\"text-editor.default\">\n\t\t\t\t<div class=\"elementor-widget-container\">\n\t\t\t\t\t\t\t\t\t<p>En Flandre, la reconnaissance d\u2019un produit alimentaire peut se faire via l\u2019appellation Streekproduct, d\u00e9velopp\u00e9 par le VLAM, l\u2019organisme de promotion des produits frais en Flandre. La Wallonie encourage quant \u00e0 elle les entreprises \u00e0 utiliser des appellations europ\u00e9ennes, \u00e0 savoir l\u2019IGP (Indication G\u00e9ographique Prot\u00e9g\u00e9e) et l\u2019AOP (Appellation d\u2019Origine Prot\u00e9g\u00e9e).<\/p>\t\t\t\t\t\t\t\t<\/div>\n\t\t\t\t<\/div>\n\t\t\t\t\t<\/div>\n\t\t<\/div>\n\t\t\t\t\t<\/div>\n\t\t<\/section>\n\t\t\t\t<section class=\"elementor-section elementor-top-section elementor-element elementor-element-684b9ee elementor-section-boxed elementor-section-height-default elementor-section-height-default\" data-id=\"684b9ee\" data-element_type=\"section\">\n\t\t\t\t\t\t<div class=\"elementor-container elementor-column-gap-default\">\n\t\t\t\t\t<div class=\"elementor-column elementor-col-100 elementor-top-column elementor-element elementor-element-e4015da\" data-id=\"e4015da\" data-element_type=\"column\">\n\t\t\t<div class=\"elementor-widget-wrap elementor-element-populated\">\n\t\t\t\t\t\t<div class=\"elementor-element elementor-element-705158c elementor-widget elementor-widget-text-editor\" data-id=\"705158c\" data-element_type=\"widget\" data-widget_type=\"text-editor.default\">\n\t\t\t\t<div class=\"elementor-widget-container\">\n\t\t\t\t\t\t\t\t\t<p><em>Source : <a href=\"https:\/\/www.gondola.be\/fr\/news\/made-belgium-quelles-sont-les-regles-du-jeu\" target=\"_blank\" rel=\"noopener\">www.gondola.be<\/a><\/em><\/p>\t\t\t\t\t\t\t\t<\/div>\n\t\t\t\t<\/div>\n\t\t\t\t\t<\/div>\n\t\t<\/div>\n\t\t\t\t\t<\/div>\n\t\t<\/section>\n\t\t\t\t<section class=\"elementor-section elementor-top-section elementor-element elementor-element-59e42164 elementor-section-boxed elementor-section-height-default elementor-section-height-default elementor-invisible\" data-id=\"59e42164\" data-element_type=\"section\" data-settings=\"{&quot;background_background&quot;:&quot;classic&quot;,&quot;animation&quot;:&quot;headShake&quot;}\">\n\t\t\t\t\t\t<div class=\"elementor-container elementor-column-gap-default\">\n\t\t\t\t\t<div class=\"elementor-column elementor-col-100 elementor-top-column elementor-element elementor-element-732381f\" data-id=\"732381f\" data-element_type=\"column\">\n\t\t\t<div class=\"elementor-widget-wrap elementor-element-populated\">\n\t\t\t\t\t\t<div class=\"elementor-element elementor-element-5e428f3c elementor-widget elementor-widget-text-editor\" data-id=\"5e428f3c\" data-element_type=\"widget\" data-widget_type=\"text-editor.default\">\n\t\t\t\t<div class=\"elementor-widget-container\">\n\t\t\t\t\t\t\t\t\t<h1>Plus d&rsquo;inspiration et d&rsquo;infos savoureuses d\u00e9di\u00e9es au food retail et aux m\u00e9tiers de bouche ?<\/h1>\t\t\t\t\t\t\t\t<\/div>\n\t\t\t\t<\/div>\n\t\t\t\t<div class=\"elementor-element elementor-element-e67260c elementor-align-center elementor-widget elementor-widget-button\" data-id=\"e67260c\" data-element_type=\"widget\" data-widget_type=\"button.default\">\n\t\t\t\t<div class=\"elementor-widget-container\">\n\t\t\t\t\t\t\t\t\t<div class=\"elementor-button-wrapper\">\n\t\t\t\t\t<a class=\"elementor-button elementor-button-link elementor-size-md\" href=\"https:\/\/www.saveurs-metiers.be\/fr\/newsletter\/\">\n\t\t\t\t\t\t<span class=\"elementor-button-content-wrapper\">\n\t\t\t\t\t\t<span class=\"elementor-button-icon\">\n\t\t\t\t<svg aria-hidden=\"true\" class=\"e-font-icon-svg e-far-envelope-open\" viewBox=\"0 0 512 512\" xmlns=\"http:\/\/www.w3.org\/2000\/svg\"><path d=\"M494.586 164.516c-4.697-3.883-111.723-89.95-135.251-108.657C337.231 38.191 299.437 0 256 0c-43.205 0-80.636 37.717-103.335 55.859-24.463 19.45-131.07 105.195-135.15 108.549A48.004 48.004 0 0 0 0 201.485V464c0 26.51 21.49 48 48 48h416c26.51 0 48-21.49 48-48V201.509a48 48 0 0 0-17.414-36.993zM464 458a6 6 0 0 1-6 6H54a6 6 0 0 1-6-6V204.347c0-1.813.816-3.526 2.226-4.665 15.87-12.814 108.793-87.554 132.364-106.293C200.755 78.88 232.398 48 256 48c23.693 0 55.857 31.369 73.41 45.389 23.573 18.741 116.503 93.493 132.366 106.316a5.99 5.99 0 0 1 2.224 4.663V458zm-31.991-187.704c4.249 5.159 3.465 12.795-1.745 16.981-28.975 23.283-59.274 47.597-70.929 56.863C336.636 362.283 299.205 400 256 400c-43.452 0-81.287-38.237-103.335-55.86-11.279-8.967-41.744-33.413-70.927-56.865-5.21-4.187-5.993-11.822-1.745-16.981l15.258-18.528c4.178-5.073 11.657-5.843 16.779-1.726 28.618 23.001 58.566 47.035 70.56 56.571C200.143 320.631 232.307 352 256 352c23.602 0 55.246-30.88 73.41-45.389 11.994-9.535 41.944-33.57 70.563-56.568 5.122-4.116 12.601-3.346 16.778 1.727l15.258 18.526z\"><\/path><\/svg>\t\t\t<\/span>\n\t\t\t\t\t\t\t\t\t<span class=\"elementor-button-text\">Inscrivez-vous \u00e0 la newsletter Saveurs &amp; M\u00e9tiers<\/span>\n\t\t\t\t\t<\/span>\n\t\t\t\t\t<\/a>\n\t\t\t\t<\/div>\n\t\t\t\t\t\t\t\t<\/div>\n\t\t\t\t<\/div>\n\t\t\t\t\t<\/div>\n\t\t<\/div>\n\t\t\t\t\t<\/div>\n\t\t<\/section>\n\t\t\t\t<\/div>\n\t\t","protected":false},"excerpt":{"rendered":"<p>A l\u2019heure o\u00f9 les consommateurs pl\u00e9biscitent les alternatives locales, il devient de plus en plus int\u00e9ressant de mettre en avant l\u2019origine belge d\u2019un produit. Mais que peut-on faire ou ne pas faire ?<\/p>\n","protected":false},"author":179,"featured_media":30104,"comment_status":"closed","ping_status":"open","sticky":false,"template":"","format":"standard","meta":{"_seopress_robots_primary_cat":"none","_seopress_titles_title":"","_seopress_titles_desc":"","_seopress_robots_index":"","footnotes":""},"categories":[1],"tags":[],"edition":[],"class_list":["post-30102","post","type-post","status-publish","format-standard","has-post-thumbnail","hentry","category-non-classifiee"],"_links":{"self":[{"href":"https:\/\/www.saveurs-metiers.be\/fr\/wp-json\/wp\/v2\/posts\/30102","targetHints":{"allow":["GET"]}}],"collection":[{"href":"https:\/\/www.saveurs-metiers.be\/fr\/wp-json\/wp\/v2\/posts"}],"about":[{"href":"https:\/\/www.saveurs-metiers.be\/fr\/wp-json\/wp\/v2\/types\/post"}],"author":[{"embeddable":true,"href":"https:\/\/www.saveurs-metiers.be\/fr\/wp-json\/wp\/v2\/users\/179"}],"replies":[{"embeddable":true,"href":"https:\/\/www.saveurs-metiers.be\/fr\/wp-json\/wp\/v2\/comments?post=30102"}],"version-history":[{"count":5,"href":"https:\/\/www.saveurs-metiers.be\/fr\/wp-json\/wp\/v2\/posts\/30102\/revisions"}],"predecessor-version":[{"id":30112,"href":"https:\/\/www.saveurs-metiers.be\/fr\/wp-json\/wp\/v2\/posts\/30102\/revisions\/30112"}],"wp:featuredmedia":[{"embeddable":true,"href":"https:\/\/www.saveurs-metiers.be\/fr\/wp-json\/wp\/v2\/media\/30104"}],"wp:attachment":[{"href":"https:\/\/www.saveurs-metiers.be\/fr\/wp-json\/wp\/v2\/media?parent=30102"}],"wp:term":[{"taxonomy":"category","embeddable":true,"href":"https:\/\/www.saveurs-metiers.be\/fr\/wp-json\/wp\/v2\/categories?post=30102"},{"taxonomy":"post_tag","embeddable":true,"href":"https:\/\/www.saveurs-metiers.be\/fr\/wp-json\/wp\/v2\/tags?post=30102"},{"taxonomy":"edition","embeddable":true,"href":"https:\/\/www.saveurs-metiers.be\/fr\/wp-json\/wp\/v2\/edition?post=30102"}],"curies":[{"name":"wp","href":"https:\/\/api.w.org\/{rel}","templated":true}]}}