{"id":30037,"date":"2023-05-04T15:38:09","date_gmt":"2023-05-04T13:38:09","guid":{"rendered":"https:\/\/www.saveurs-metiers.be\/?p=30037"},"modified":"2023-05-04T15:38:36","modified_gmt":"2023-05-04T13:38:36","slug":"barometre-bio-2022-un-bilan-globalement-positif","status":"publish","type":"post","link":"https:\/\/www.saveurs-metiers.be\/fr\/barometre-bio-2022-un-bilan-globalement-positif\/","title":{"rendered":"Barom\u00e8tre bio 2022\u00a0: un bilan globalement positif"},"content":{"rendered":"\t\t<div data-elementor-type=\"wp-post\" data-elementor-id=\"30037\" class=\"elementor elementor-30037\" data-elementor-post-type=\"post\">\n\t\t\t\t\t\t<section class=\"elementor-section elementor-top-section elementor-element elementor-element-3d85893 elementor-section-boxed elementor-section-height-default elementor-section-height-default\" data-id=\"3d85893\" data-element_type=\"section\">\n\t\t\t\t\t\t<div class=\"elementor-container elementor-column-gap-default\">\n\t\t\t\t\t<div class=\"elementor-column elementor-col-100 elementor-top-column elementor-element elementor-element-22e9b7d\" data-id=\"22e9b7d\" data-element_type=\"column\">\n\t\t\t<div class=\"elementor-widget-wrap elementor-element-populated\">\n\t\t\t\t\t\t<div class=\"elementor-element elementor-element-1b06cd6 elementor-widget elementor-widget-text-editor\" data-id=\"1b06cd6\" data-element_type=\"widget\" data-widget_type=\"text-editor.default\">\n\t\t\t\t<div class=\"elementor-widget-container\">\n\t\t\t\t\t\t\t\t\t<p><strong>Deux ans apr\u00e8s le pr\u00e9c\u00e9dent barom\u00e8tre, l\u2019Observatoire de la consommation de l\u2019Apaq-W, en partenariat avec le bureau d\u2019\u00e9tude Listen S.A., s\u2019est de nouveau pench\u00e9 sur la consommation des produits biologiques. Cette version actualis\u00e9e met \u00e0 jour les donn\u00e9es relatives \u00e0 la connaissance de l\u2019agriculture biologique et \u00e0 son attractivit\u00e9.<\/strong><\/p>\t\t\t\t\t\t\t\t<\/div>\n\t\t\t\t<\/div>\n\t\t\t\t<div class=\"elementor-element elementor-element-87e5afa elementor-widget elementor-widget-heading\" data-id=\"87e5afa\" data-element_type=\"widget\" data-widget_type=\"heading.default\">\n\t\t\t\t<div class=\"elementor-widget-container\">\n\t\t\t\t\t<h3 class=\"elementor-heading-title elementor-size-default\">Les consommateurs ont-ils une bonne connaissance de l\u2019agriculture biologique ? <\/h3>\t\t\t\t<\/div>\n\t\t\t\t<\/div>\n\t\t\t\t<div class=\"elementor-element elementor-element-d577f92 elementor-position-left elementor-view-default elementor-mobile-position-top elementor-widget elementor-widget-icon-box\" data-id=\"d577f92\" data-element_type=\"widget\" data-widget_type=\"icon-box.default\">\n\t\t\t\t<div class=\"elementor-widget-container\">\n\t\t\t\t\t\t\t<div class=\"elementor-icon-box-wrapper\">\n\n\t\t\t\t\t\t<div class=\"elementor-icon-box-icon\">\n\t\t\t\t<span  class=\"elementor-icon\">\n\t\t\t\t<svg aria-hidden=\"true\" class=\"e-font-icon-svg e-fas-leaf\" viewBox=\"0 0 576 512\" xmlns=\"http:\/\/www.w3.org\/2000\/svg\"><path d=\"M546.2 9.7c-5.6-12.5-21.6-13-28.3-1.2C486.9 62.4 431.4 96 368 96h-80C182 96 96 182 96 288c0 7 .8 13.7 1.5 20.5C161.3 262.8 253.4 224 384 224c8.8 0 16 7.2 16 16s-7.2 16-16 16C132.6 256 26 410.1 2.4 468c-6.6 16.3 1.2 34.9 17.5 41.6 16.4 6.8 35-1.1 41.8-17.3 1.5-3.6 20.9-47.9 71.9-90.6 32.4 43.9 94 85.8 174.9 77.2C465.5 467.5 576 326.7 576 154.3c0-50.2-10.8-102.2-29.8-144.6z\"><\/path><\/svg>\t\t\t\t<\/span>\n\t\t\t<\/div>\n\t\t\t\n\t\t\t\t\t\t<div class=\"elementor-icon-box-content\">\n\n\t\t\t\t\t\t\t\t\t<h4 class=\"elementor-icon-box-title\">\n\t\t\t\t\t\t<span  >\n\t\t\t\t\t\t\tLe label Eurofeuille, le label le plus reconnu ! \t\t\t\t\t\t<\/span>\n\t\t\t\t\t<\/h4>\n\t\t\t\t\n\t\t\t\t\t\t\t\t\t<p class=\"elementor-icon-box-description\">\n\t\t\t\t\t\tM\u00eame s\u2019il existe plusieurs labels pour prouver le caract\u00e8re biologique d\u2019un produit, le label Eurofeuille semble le plus connu parmi les consommateurs. Ce label est en vigueur dans toute l\u2019Europe depuis 2010 et garantit que le produit sur lequel il est appos\u00e9 est issu de l\u2019agriculture biologique, qu\u2019il a \u00e9t\u00e9 produit par des op\u00e9rateurs certifi\u00e9s bio et contr\u00f4l\u00e9 par un organisme ind\u00e9pendant.\t\t\t\t\t<\/p>\n\t\t\t\t\n\t\t\t<\/div>\n\t\t\t\n\t\t<\/div>\n\t\t\t\t\t\t<\/div>\n\t\t\t\t<\/div>\n\t\t\t\t<div class=\"elementor-element elementor-element-617deef elementor-position-left elementor-view-default elementor-mobile-position-top elementor-widget elementor-widget-icon-box\" data-id=\"617deef\" data-element_type=\"widget\" data-widget_type=\"icon-box.default\">\n\t\t\t\t<div class=\"elementor-widget-container\">\n\t\t\t\t\t\t\t<div class=\"elementor-icon-box-wrapper\">\n\n\t\t\t\t\t\t<div class=\"elementor-icon-box-icon\">\n\t\t\t\t<span  class=\"elementor-icon\">\n\t\t\t\t<svg aria-hidden=\"true\" class=\"e-font-icon-svg e-fas-tractor\" viewBox=\"0 0 640 512\" xmlns=\"http:\/\/www.w3.org\/2000\/svg\"><path d=\"M528 336c-48.6 0-88 39.4-88 88s39.4 88 88 88 88-39.4 88-88-39.4-88-88-88zm0 112c-13.23 0-24-10.77-24-24s10.77-24 24-24 24 10.77 24 24-10.77 24-24 24zm80-288h-64v-40.2c0-14.12 4.7-27.76 13.15-38.84 4.42-5.8 3.55-14.06-1.32-19.49L534.2 37.3c-6.66-7.45-18.32-6.92-24.7.78C490.58 60.9 480 89.81 480 119.8V160H377.67L321.58 29.14A47.914 47.914 0 0 0 277.45 0H144c-26.47 0-48 21.53-48 48v146.52c-8.63-6.73-20.96-6.46-28.89 1.47L36 227.1c-8.59 8.59-8.59 22.52 0 31.11l5.06 5.06c-4.99 9.26-8.96 18.82-11.91 28.72H22c-12.15 0-22 9.85-22 22v44c0 12.15 9.85 22 22 22h7.14c2.96 9.91 6.92 19.46 11.91 28.73l-5.06 5.06c-8.59 8.59-8.59 22.52 0 31.11L67.1 476c8.59 8.59 22.52 8.59 31.11 0l5.06-5.06c9.26 4.99 18.82 8.96 28.72 11.91V490c0 12.15 9.85 22 22 22h44c12.15 0 22-9.85 22-22v-7.14c9.9-2.95 19.46-6.92 28.72-11.91l5.06 5.06c8.59 8.59 22.52 8.59 31.11 0l31.11-31.11c8.59-8.59 8.59-22.52 0-31.11l-5.06-5.06c4.99-9.26 8.96-18.82 11.91-28.72H330c12.15 0 22-9.85 22-22v-6h80.54c21.91-28.99 56.32-48 95.46-48 18.64 0 36.07 4.61 51.8 12.2l50.82-50.82c6-6 9.37-14.14 9.37-22.63V192c.01-17.67-14.32-32-31.99-32zM176 416c-44.18 0-80-35.82-80-80s35.82-80 80-80 80 35.82 80 80-35.82 80-80 80zm22-256h-38V64h106.89l41.15 96H198z\"><\/path><\/svg>\t\t\t\t<\/span>\n\t\t\t<\/div>\n\t\t\t\n\t\t\t\t\t\t<div class=\"elementor-icon-box-content\">\n\n\t\t\t\t\t\t\t\t\t<h4 class=\"elementor-icon-box-title\">\n\t\t\t\t\t\t<span  >\n\t\t\t\t\t\t\tLa r\u00e9glementation en vigueur \t\t\t\t\t\t<\/span>\n\t\t\t\t\t<\/h4>\n\t\t\t\t\n\t\t\t\t\t\t\t\t\t<p class=\"elementor-icon-box-description\">\n\t\t\t\t\t\tDe mani\u00e8re g\u00e9n\u00e9rale, plus de 6 Belges sur 10 connaissent au moins partiellement les r\u00e8gles qui r\u00e9gissent l\u2019agriculture biologique. Selon les r\u00e9ponses, il appara\u00eet que la plupart des vraies r\u00e8gles - \u00e0 savoir les r\u00e8gles concernant l\u2019utilisation de produits chimiques et d\u2019OGM, l\u2019alimentation des animaux et les conditions d\u2019\u00e9levage - ont \u00e9t\u00e9 correctement identifi\u00e9es. En revanche, les fausses r\u00e8gles sont consid\u00e9r\u00e9es \u00e0 tort comme effectives par la majorit\u00e9 car moins connues par les r\u00e9pondants. \t\t\t\t\t<\/p>\n\t\t\t\t\n\t\t\t<\/div>\n\t\t\t\n\t\t<\/div>\n\t\t\t\t\t\t<\/div>\n\t\t\t\t<\/div>\n\t\t\t\t\t<\/div>\n\t\t<\/div>\n\t\t\t\t\t<\/div>\n\t\t<\/section>\n\t\t\t\t<section class=\"elementor-section elementor-top-section elementor-element elementor-element-07f6419 elementor-section-boxed elementor-section-height-default elementor-section-height-default\" data-id=\"07f6419\" data-element_type=\"section\">\n\t\t\t\t\t\t<div class=\"elementor-container elementor-column-gap-default\">\n\t\t\t\t\t<div class=\"elementor-column elementor-col-100 elementor-top-column elementor-element elementor-element-4f010f8\" data-id=\"4f010f8\" data-element_type=\"column\">\n\t\t\t<div class=\"elementor-widget-wrap elementor-element-populated\">\n\t\t\t\t\t\t<div class=\"elementor-element elementor-element-a5c4a8f elementor-widget elementor-widget-heading\" data-id=\"a5c4a8f\" data-element_type=\"widget\" data-widget_type=\"heading.default\">\n\t\t\t\t<div class=\"elementor-widget-container\">\n\t\t\t\t\t<h3 class=\"elementor-heading-title elementor-size-default\">Attractivit\u00e9 du bio  <\/h3>\t\t\t\t<\/div>\n\t\t\t\t<\/div>\n\t\t\t\t<div class=\"elementor-element elementor-element-497125d elementor-widget elementor-widget-text-editor\" data-id=\"497125d\" data-element_type=\"widget\" data-widget_type=\"text-editor.default\">\n\t\t\t\t<div class=\"elementor-widget-container\">\n\t\t\t\t\t\t\t\t\t<p>Compar\u00e9 \u00e0 2020, les produits bio gardent une image positive aux yeux des consommateurs. <br \/>En effet, les aspects tels que la sant\u00e9, la qualit\u00e9 des produits, l\u2019environnement, le bien-\u00eatre animal et l\u2019\u00e9conomie locale sont des facteurs qui jouent fortement sur l\u2019int\u00e9r\u00eat des consommateurs pour les produits bio. Toutefois, le prix \u00e9lev\u00e9 de ces produits semble repr\u00e9senter un frein important.<\/p><p>Cet int\u00e9r\u00eat pour le bio est notamment d\u00e9montr\u00e9 par la stabilit\u00e9 de la consommation. La proportion de consommateurs de produits bio reste stable, mais les Belges qui consomment des produits bio le font plus r\u00e9guli\u00e8rement qu\u2019auparavant.<\/p>\t\t\t\t\t\t\t\t<\/div>\n\t\t\t\t<\/div>\n\t\t\t\t<div class=\"elementor-element elementor-element-4641e1c elementor-widget elementor-widget-image\" data-id=\"4641e1c\" data-element_type=\"widget\" data-widget_type=\"image.default\">\n\t\t\t\t<div class=\"elementor-widget-container\">\n\t\t\t\t\t\t\t\t\t\t\t\t\t\t\t<img fetchpriority=\"high\" decoding=\"async\" width=\"800\" height=\"503\" src=\"https:\/\/easyfairsassets.com\/sites\/194\/2023\/05\/bio-food-1024x644.jpg\" class=\"attachment-large size-large wp-image-30059\" alt=\"\" srcset=\"https:\/\/easyfairsassets.com\/sites\/194\/2023\/05\/bio-food-1024x644.jpg 1024w, https:\/\/easyfairsassets.com\/sites\/194\/2023\/05\/bio-food-300x189.jpg 300w, https:\/\/easyfairsassets.com\/sites\/194\/2023\/05\/bio-food-768x483.jpg 768w, https:\/\/easyfairsassets.com\/sites\/194\/2023\/05\/bio-food-1536x966.jpg 1536w, https:\/\/easyfairsassets.com\/sites\/194\/2023\/05\/bio-food.jpg 1920w\" sizes=\"(max-width: 800px) 100vw, 800px\" \/>\t\t\t\t\t\t\t\t\t\t\t\t\t\t\t<\/div>\n\t\t\t\t<\/div>\n\t\t\t\t\t<\/div>\n\t\t<\/div>\n\t\t\t\t\t<\/div>\n\t\t<\/section>\n\t\t\t\t<section class=\"elementor-section elementor-top-section elementor-element elementor-element-f8f7357 elementor-section-boxed elementor-section-height-default elementor-section-height-default\" data-id=\"f8f7357\" data-element_type=\"section\">\n\t\t\t\t\t\t<div class=\"elementor-container elementor-column-gap-default\">\n\t\t\t\t\t<div class=\"elementor-column elementor-col-100 elementor-top-column elementor-element elementor-element-e387b6a\" data-id=\"e387b6a\" data-element_type=\"column\">\n\t\t\t<div class=\"elementor-widget-wrap elementor-element-populated\">\n\t\t\t\t\t\t<div class=\"elementor-element elementor-element-c239f42 elementor-widget elementor-widget-text-editor\" data-id=\"c239f42\" data-element_type=\"widget\" data-widget_type=\"text-editor.default\">\n\t\t\t\t<div class=\"elementor-widget-container\">\n\t\t\t\t\t\t\t\t\t<p>L&rsquo;\u00e9tude compl\u00e8te <a href=\"https:\/\/www.apaqw.be\/sites\/default\/files\/uploads\/Observatoire\/2023\/obs-edm-bio270323.pdf\">ici<\/a><\/p>\t\t\t\t\t\t\t\t<\/div>\n\t\t\t\t<\/div>\n\t\t\t\t\t<\/div>\n\t\t<\/div>\n\t\t\t\t\t<\/div>\n\t\t<\/section>\n\t\t\t\t<section class=\"elementor-section elementor-top-section elementor-element elementor-element-456eb8e8 elementor-section-boxed elementor-section-height-default elementor-section-height-default elementor-invisible\" data-id=\"456eb8e8\" data-element_type=\"section\" data-settings=\"{&quot;background_background&quot;:&quot;classic&quot;,&quot;animation&quot;:&quot;headShake&quot;}\">\n\t\t\t\t\t\t<div class=\"elementor-container elementor-column-gap-default\">\n\t\t\t\t\t<div class=\"elementor-column elementor-col-100 elementor-top-column elementor-element elementor-element-2423dfbe\" data-id=\"2423dfbe\" data-element_type=\"column\">\n\t\t\t<div class=\"elementor-widget-wrap elementor-element-populated\">\n\t\t\t\t\t\t<div class=\"elementor-element elementor-element-70cc209 elementor-widget elementor-widget-text-editor\" data-id=\"70cc209\" data-element_type=\"widget\" data-widget_type=\"text-editor.default\">\n\t\t\t\t<div class=\"elementor-widget-container\">\n\t\t\t\t\t\t\t\t\t<h1>Plus d&rsquo;inspiration et d&rsquo;infos savoureuses d\u00e9di\u00e9es au food retail et aux m\u00e9tiers de bouche ?<\/h1>\t\t\t\t\t\t\t\t<\/div>\n\t\t\t\t<\/div>\n\t\t\t\t<div class=\"elementor-element elementor-element-20f9905d elementor-align-center elementor-widget elementor-widget-button\" data-id=\"20f9905d\" data-element_type=\"widget\" data-widget_type=\"button.default\">\n\t\t\t\t<div class=\"elementor-widget-container\">\n\t\t\t\t\t\t\t\t\t<div class=\"elementor-button-wrapper\">\n\t\t\t\t\t<a class=\"elementor-button elementor-button-link elementor-size-md\" href=\"https:\/\/www.saveurs-metiers.be\/fr\/newsletter\/\">\n\t\t\t\t\t\t<span class=\"elementor-button-content-wrapper\">\n\t\t\t\t\t\t<span class=\"elementor-button-icon\">\n\t\t\t\t<svg aria-hidden=\"true\" class=\"e-font-icon-svg e-far-envelope-open\" viewBox=\"0 0 512 512\" xmlns=\"http:\/\/www.w3.org\/2000\/svg\"><path d=\"M494.586 164.516c-4.697-3.883-111.723-89.95-135.251-108.657C337.231 38.191 299.437 0 256 0c-43.205 0-80.636 37.717-103.335 55.859-24.463 19.45-131.07 105.195-135.15 108.549A48.004 48.004 0 0 0 0 201.485V464c0 26.51 21.49 48 48 48h416c26.51 0 48-21.49 48-48V201.509a48 48 0 0 0-17.414-36.993zM464 458a6 6 0 0 1-6 6H54a6 6 0 0 1-6-6V204.347c0-1.813.816-3.526 2.226-4.665 15.87-12.814 108.793-87.554 132.364-106.293C200.755 78.88 232.398 48 256 48c23.693 0 55.857 31.369 73.41 45.389 23.573 18.741 116.503 93.493 132.366 106.316a5.99 5.99 0 0 1 2.224 4.663V458zm-31.991-187.704c4.249 5.159 3.465 12.795-1.745 16.981-28.975 23.283-59.274 47.597-70.929 56.863C336.636 362.283 299.205 400 256 400c-43.452 0-81.287-38.237-103.335-55.86-11.279-8.967-41.744-33.413-70.927-56.865-5.21-4.187-5.993-11.822-1.745-16.981l15.258-18.528c4.178-5.073 11.657-5.843 16.779-1.726 28.618 23.001 58.566 47.035 70.56 56.571C200.143 320.631 232.307 352 256 352c23.602 0 55.246-30.88 73.41-45.389 11.994-9.535 41.944-33.57 70.563-56.568 5.122-4.116 12.601-3.346 16.778 1.727l15.258 18.526z\"><\/path><\/svg>\t\t\t<\/span>\n\t\t\t\t\t\t\t\t\t<span class=\"elementor-button-text\">Inscrivez-vous \u00e0 la newsletter Saveurs &amp; M\u00e9tiers<\/span>\n\t\t\t\t\t<\/span>\n\t\t\t\t\t<\/a>\n\t\t\t\t<\/div>\n\t\t\t\t\t\t\t\t<\/div>\n\t\t\t\t<\/div>\n\t\t\t\t\t<\/div>\n\t\t<\/div>\n\t\t\t\t\t<\/div>\n\t\t<\/section>\n\t\t\t\t<\/div>\n\t\t","protected":false},"excerpt":{"rendered":"<p>Deux ans apr\u00e8s le pr\u00e9c\u00e9dent barom\u00e8tre, l\u2019Observatoire de la consommation de l\u2019Apaq-W, en partenariat avec le bureau d\u2019\u00e9tude Listen S.A., s\u2019est de nouveau pench\u00e9 sur la consommation des produits biologiques. Cette version actualis\u00e9e met \u00e0 jour les donn\u00e9es relatives \u00e0 la connaissance de l\u2019agriculture biologique et \u00e0 son attractivit\u00e9.<\/p>\n","protected":false},"author":959,"featured_media":30052,"comment_status":"closed","ping_status":"open","sticky":false,"template":"","format":"standard","meta":{"_seopress_robots_primary_cat":"none","_seopress_titles_title":"Barom\u00e8tre bio 2022 : un constat globalement positif","_seopress_titles_desc":"Deux ans apr\u00e8s le pr\u00e9c\u00e9dent barom\u00e8tre, l\u2019Observatoire de la consommation de l\u2019Apaq-W, en partenariat avec le bureau d\u2019\u00e9tude Listen S.A., s\u2019est de nouveau pench\u00e9 sur la consommation des produits biologiques. Cette version actualis\u00e9e met \u00e0 jour les donn\u00e9es relatives \u00e0 la connaissance de l\u2019agriculture biologique et \u00e0 son attractivit\u00e9. ","_seopress_robots_index":"","footnotes":""},"categories":[1],"tags":[],"edition":[],"class_list":["post-30037","post","type-post","status-publish","format-standard","has-post-thumbnail","hentry","category-non-classifiee"],"_links":{"self":[{"href":"https:\/\/www.saveurs-metiers.be\/fr\/wp-json\/wp\/v2\/posts\/30037","targetHints":{"allow":["GET"]}}],"collection":[{"href":"https:\/\/www.saveurs-metiers.be\/fr\/wp-json\/wp\/v2\/posts"}],"about":[{"href":"https:\/\/www.saveurs-metiers.be\/fr\/wp-json\/wp\/v2\/types\/post"}],"author":[{"embeddable":true,"href":"https:\/\/www.saveurs-metiers.be\/fr\/wp-json\/wp\/v2\/users\/959"}],"replies":[{"embeddable":true,"href":"https:\/\/www.saveurs-metiers.be\/fr\/wp-json\/wp\/v2\/comments?post=30037"}],"version-history":[{"count":5,"href":"https:\/\/www.saveurs-metiers.be\/fr\/wp-json\/wp\/v2\/posts\/30037\/revisions"}],"predecessor-version":[{"id":30063,"href":"https:\/\/www.saveurs-metiers.be\/fr\/wp-json\/wp\/v2\/posts\/30037\/revisions\/30063"}],"wp:featuredmedia":[{"embeddable":true,"href":"https:\/\/www.saveurs-metiers.be\/fr\/wp-json\/wp\/v2\/media\/30052"}],"wp:attachment":[{"href":"https:\/\/www.saveurs-metiers.be\/fr\/wp-json\/wp\/v2\/media?parent=30037"}],"wp:term":[{"taxonomy":"category","embeddable":true,"href":"https:\/\/www.saveurs-metiers.be\/fr\/wp-json\/wp\/v2\/categories?post=30037"},{"taxonomy":"post_tag","embeddable":true,"href":"https:\/\/www.saveurs-metiers.be\/fr\/wp-json\/wp\/v2\/tags?post=30037"},{"taxonomy":"edition","embeddable":true,"href":"https:\/\/www.saveurs-metiers.be\/fr\/wp-json\/wp\/v2\/edition?post=30037"}],"curies":[{"name":"wp","href":"https:\/\/api.w.org\/{rel}","templated":true}]}}