{"id":29583,"date":"2023-01-16T14:21:11","date_gmt":"2023-01-16T13:21:11","guid":{"rendered":"https:\/\/www.saveurs-metiers.be\/?p=29583"},"modified":"2023-01-16T14:29:31","modified_gmt":"2023-01-16T13:29:31","slug":"la-manufacture-de-carrement-bon-laureate-de-laward-saveurs-metiers-2023","status":"publish","type":"post","link":"https:\/\/www.saveurs-metiers.be\/fr\/la-manufacture-de-carrement-bon-laureate-de-laward-saveurs-metiers-2023\/","title":{"rendered":"La Manufacture de Carr\u00e9ment bon laur\u00e9ate de l&rsquo;Award Saveurs &#038; M\u00e9tiers 2023"},"content":{"rendered":"\t\t<div data-elementor-type=\"wp-post\" data-elementor-id=\"29583\" class=\"elementor elementor-29583\" data-elementor-post-type=\"post\">\n\t\t\t\t\t\t<section class=\"elementor-section elementor-top-section elementor-element elementor-element-e84fe1c elementor-section-boxed elementor-section-height-default elementor-section-height-default\" data-id=\"e84fe1c\" data-element_type=\"section\">\n\t\t\t\t\t\t<div class=\"elementor-container elementor-column-gap-default\">\n\t\t\t\t\t<div class=\"elementor-column elementor-col-33 elementor-top-column elementor-element elementor-element-5e7c1b8\" data-id=\"5e7c1b8\" data-element_type=\"column\">\n\t\t\t<div class=\"elementor-widget-wrap elementor-element-populated\">\n\t\t\t\t\t\t<div class=\"elementor-element elementor-element-17f5c39 elementor-widget elementor-widget-image\" data-id=\"17f5c39\" data-element_type=\"widget\" data-widget_type=\"image.default\">\n\t\t\t\t<div class=\"elementor-widget-container\">\n\t\t\t\t\t\t\t\t\t\t\t\t\t\t\t<img fetchpriority=\"high\" decoding=\"async\" width=\"683\" height=\"1024\" src=\"https:\/\/easyfairsassets.com\/sites\/194\/2023\/01\/Saveurs-metiers-2023-Namur-Expo-Sebastien-Roberty-48-683x1024.jpg\" class=\"attachment-large size-large wp-image-29738\" alt=\"\" srcset=\"https:\/\/easyfairsassets.com\/sites\/194\/2023\/01\/Saveurs-metiers-2023-Namur-Expo-Sebastien-Roberty-48-683x1024.jpg 683w, https:\/\/easyfairsassets.com\/sites\/194\/2023\/01\/Saveurs-metiers-2023-Namur-Expo-Sebastien-Roberty-48-200x300.jpg 200w, https:\/\/easyfairsassets.com\/sites\/194\/2023\/01\/Saveurs-metiers-2023-Namur-Expo-Sebastien-Roberty-48-768x1152.jpg 768w, https:\/\/easyfairsassets.com\/sites\/194\/2023\/01\/Saveurs-metiers-2023-Namur-Expo-Sebastien-Roberty-48-1024x1536.jpg 1024w, https:\/\/easyfairsassets.com\/sites\/194\/2023\/01\/Saveurs-metiers-2023-Namur-Expo-Sebastien-Roberty-48.jpg 1280w\" sizes=\"(max-width: 683px) 100vw, 683px\" \/>\t\t\t\t\t\t\t\t\t\t\t\t\t\t\t<\/div>\n\t\t\t\t<\/div>\n\t\t\t\t\t<\/div>\n\t\t<\/div>\n\t\t\t\t<div class=\"elementor-column elementor-col-66 elementor-top-column elementor-element elementor-element-e1dec5d\" data-id=\"e1dec5d\" data-element_type=\"column\">\n\t\t\t<div class=\"elementor-widget-wrap elementor-element-populated\">\n\t\t\t\t\t\t<div class=\"elementor-element elementor-element-ddae7d6 elementor-widget elementor-widget-text-editor\" data-id=\"ddae7d6\" data-element_type=\"widget\" data-widget_type=\"text-editor.default\">\n\t\t\t\t<div class=\"elementor-widget-container\">\n\t\t\t\t\t\t\t\t\t<p>\u00c0 l\u2019occasion de son \u00e9dition 2023 qui s\u2019est d\u00e9roul\u00e9e les 15-16-17 janvier \u00e0 Namur Expo, le salon professionnel Food Retail Saveurs &amp; M\u00e9tiers d\u00e9cernait ses premiers Awards. Objectif : mettre \u00e0 l&rsquo;honneur des commer\u00e7ants passionn\u00e9s. <br \/>Ceux-ci avaient \u00e9t\u00e9 invit\u00e9s \u00e0 postuler entre septembre et d\u00e9cembre 2022 pour mettre en avant leurs d\u00e9marches originales et innovantes, qu\u2019il s\u2019agisse de la cr\u00e9ation d\u2019une activit\u00e9 ou d\u2019un nouveau produit, de durabilit\u00e9 ou encore de d\u00e9ploiement d&rsquo;une strat\u00e9gie digitale. <br \/><strong>Ce dimanche 15 janvier, le jury ind\u00e9pendant a livr\u00e9 son verdict et r\u00e9compens\u00e9 son coup de c\u0153ur \u00e0 un lancement de produit : le MWallocube de Carr\u00e9ment bon !<\/strong><\/p>\t\t\t\t\t\t\t\t<\/div>\n\t\t\t\t<\/div>\n\t\t\t\t\t<\/div>\n\t\t<\/div>\n\t\t\t\t\t<\/div>\n\t\t<\/section>\n\t\t\t\t<section class=\"elementor-section elementor-top-section elementor-element elementor-element-ec5b3c4 elementor-section-boxed elementor-section-height-default elementor-section-height-default\" data-id=\"ec5b3c4\" data-element_type=\"section\">\n\t\t\t\t\t\t<div class=\"elementor-container elementor-column-gap-default\">\n\t\t\t\t\t<div class=\"elementor-column elementor-col-100 elementor-top-column elementor-element elementor-element-c9120e5\" data-id=\"c9120e5\" data-element_type=\"column\">\n\t\t\t<div class=\"elementor-widget-wrap elementor-element-populated\">\n\t\t\t\t\t\t<div class=\"elementor-element elementor-element-b1bc906 elementor-widget elementor-widget-text-editor\" data-id=\"b1bc906\" data-element_type=\"widget\" data-widget_type=\"text-editor.default\">\n\t\t\t\t<div class=\"elementor-widget-container\">\n\t\t\t\t\t\t\t\t\t<p>\u00c0 l\u2019occasion de son \u00e9dition 2023 qui s\u2019est d\u00e9roul\u00e9e les 15-16-17 janvier \u00e0 Namur Expo, le salon professionnel Food Retail Saveurs &amp; M\u00e9tiers d\u00e9cernait ses premiers Awards. Objectif : mettre \u00e0 l&rsquo;honneur des commer\u00e7ants passionn\u00e9s. <br \/>Ceux-ci avaient \u00e9t\u00e9 invit\u00e9s \u00e0 postuler entre septembre et d\u00e9cembre 2022 pour mettre en avant leurs d\u00e9marches originales et innovantes, qu\u2019il s\u2019agisse de la cr\u00e9ation d\u2019une activit\u00e9 ou d\u2019un nouveau produit, de durabilit\u00e9 ou encore de d\u00e9ploiement d&rsquo;une strat\u00e9gie digitale. <br \/>Ce dimanche 15 janvier, le jury ind\u00e9pendant a livr\u00e9 son verdict et r\u00e9compens\u00e9 son coup de c\u0153ur \u00e0 un lancement de produit : le MWallocube de Carr\u00e9ment bon !<\/p>\t\t\t\t\t\t\t\t<\/div>\n\t\t\t\t<\/div>\n\t\t\t\t\t<\/div>\n\t\t<\/div>\n\t\t\t\t\t<\/div>\n\t\t<\/section>\n\t\t\t\t<section class=\"elementor-section elementor-top-section elementor-element elementor-element-eafa2fb elementor-section-boxed elementor-section-height-default elementor-section-height-default\" data-id=\"eafa2fb\" data-element_type=\"section\">\n\t\t\t\t\t\t<div class=\"elementor-container elementor-column-gap-default\">\n\t\t\t\t\t<div class=\"elementor-column elementor-col-50 elementor-top-column elementor-element elementor-element-377383e\" data-id=\"377383e\" data-element_type=\"column\">\n\t\t\t<div class=\"elementor-widget-wrap elementor-element-populated\">\n\t\t\t\t\t\t<div class=\"elementor-element elementor-element-7f5e3c6 elementor-widget elementor-widget-image\" data-id=\"7f5e3c6\" data-element_type=\"widget\" data-widget_type=\"image.default\">\n\t\t\t\t<div class=\"elementor-widget-container\">\n\t\t\t\t\t\t\t\t\t\t\t\t\t\t\t<img decoding=\"async\" width=\"800\" height=\"600\" src=\"https:\/\/easyfairsassets.com\/sites\/194\/2023\/01\/IMG_7276-1024x768.jpg\" class=\"attachment-large size-large wp-image-29589\" alt=\"\" srcset=\"https:\/\/easyfairsassets.com\/sites\/194\/2023\/01\/IMG_7276-1024x768.jpg 1024w, https:\/\/easyfairsassets.com\/sites\/194\/2023\/01\/IMG_7276-300x225.jpg 300w, https:\/\/easyfairsassets.com\/sites\/194\/2023\/01\/IMG_7276-768x576.jpg 768w, https:\/\/easyfairsassets.com\/sites\/194\/2023\/01\/IMG_7276-1536x1152.jpg 1536w, https:\/\/easyfairsassets.com\/sites\/194\/2023\/01\/IMG_7276.jpg 1920w\" sizes=\"(max-width: 800px) 100vw, 800px\" \/>\t\t\t\t\t\t\t\t\t\t\t\t\t\t\t<\/div>\n\t\t\t\t<\/div>\n\t\t\t\t\t<\/div>\n\t\t<\/div>\n\t\t\t\t<div class=\"elementor-column elementor-col-50 elementor-top-column elementor-element elementor-element-57e507e\" data-id=\"57e507e\" data-element_type=\"column\">\n\t\t\t<div class=\"elementor-widget-wrap elementor-element-populated\">\n\t\t\t\t\t\t<div class=\"elementor-element elementor-element-8d3de50 elementor-widget elementor-widget-text-editor\" data-id=\"8d3de50\" data-element_type=\"widget\" data-widget_type=\"text-editor.default\">\n\t\t\t\t<div class=\"elementor-widget-container\">\n\t\t\t\t\t\t\t\t\t<p>Le MWallocube est une gamme artisanale d\u2019une douceur bien connue \u00e0 base d\u2019un biscuit, d\u2019une tendre guimauve (caf\u00e9 \u2013 chocolat \u2013 passion \u2013 vanille\u2026) et d\u2019un enrobage en chocolat (lait \u2013 blanc \u2013 noir avec des pourcentages de cacao diff\u00e9rents). <br \/>Le produit est tr\u00e8s largement d\u00e9clinable via la guimauve et l\u2019enrobage chocolat.\u00a0<\/p>\t\t\t\t\t\t\t\t<\/div>\n\t\t\t\t<\/div>\n\t\t\t\t\t<\/div>\n\t\t<\/div>\n\t\t\t\t\t<\/div>\n\t\t<\/section>\n\t\t\t\t<section class=\"elementor-section elementor-top-section elementor-element elementor-element-15b51cb elementor-section-boxed elementor-section-height-default elementor-section-height-default\" data-id=\"15b51cb\" data-element_type=\"section\">\n\t\t\t\t\t\t<div class=\"elementor-container elementor-column-gap-default\">\n\t\t\t\t\t<div class=\"elementor-column elementor-col-100 elementor-top-column elementor-element elementor-element-b5ab888\" data-id=\"b5ab888\" data-element_type=\"column\">\n\t\t\t<div class=\"elementor-widget-wrap elementor-element-populated\">\n\t\t\t\t\t\t<div class=\"elementor-element elementor-element-bbf5252 elementor-widget elementor-widget-text-editor\" data-id=\"bbf5252\" data-element_type=\"widget\" data-widget_type=\"text-editor.default\">\n\t\t\t\t<div class=\"elementor-widget-container\">\n\t\t\t\t\t\t\t\t\t<p>Clara Pierre, Responsable Marketing commente : <em>\u00ab\u00a0M\u00eame si Carr\u00e9ment Bon est ax\u00e9 sur le commerce traditionnel de la boulangerie-p\u00e2tisserie, nous veillons \u00e0 diversifier nos axes de d\u00e9veloppement, nos cibles de client\u00e8le et nos gammes de produits. <\/em><br \/><em>De la m\u00eame fa\u00e7on que nous avons d\u00e9velopp\u00e9 une gamme de macarons disponible dans nos boutiques et \u00e9galement distribu\u00e9e pendant plusieurs ann\u00e9es en B-to-B dans le r\u00e9seau EXKI ou chez Neuhaus, nous avons r\u00e9cemment d\u00e9velopp\u00e9 un nouveau produit : le MWALLOcube ayant pour vocation d\u2019\u00eatre vendu tant dans nos boutiques qu\u2019en distribution B-to-B \u00e0 l\u2019ext\u00e9rieure.\u00a0\u00bb<\/em><\/p>\t\t\t\t\t\t\t\t<\/div>\n\t\t\t\t<\/div>\n\t\t\t\t\t<\/div>\n\t\t<\/div>\n\t\t\t\t\t<\/div>\n\t\t<\/section>\n\t\t\t\t<section class=\"elementor-section elementor-top-section elementor-element elementor-element-227ea6f elementor-section-boxed elementor-section-height-default elementor-section-height-default\" data-id=\"227ea6f\" data-element_type=\"section\">\n\t\t\t\t\t\t<div class=\"elementor-container elementor-column-gap-default\">\n\t\t\t\t\t<div class=\"elementor-column elementor-col-100 elementor-top-column elementor-element elementor-element-82c0148\" data-id=\"82c0148\" data-element_type=\"column\">\n\t\t\t<div class=\"elementor-widget-wrap elementor-element-populated\">\n\t\t\t\t\t\t<div class=\"elementor-element elementor-element-f15b1ea elementor-widget elementor-widget-text-editor\" data-id=\"f15b1ea\" data-element_type=\"widget\" data-widget_type=\"text-editor.default\">\n\t\t\t\t<div class=\"elementor-widget-container\">\n\t\t\t\t\t\t\t\t\t<h3>Positionnement du produit :<\/h3><ul><li>Une gourmandise \u00e0 la saveur r\u00e9gressive (souvenir d\u2019enfance)<\/li><li>Une production 100 % artisanale pour un produit hautement qualitatif-<\/li><li>B\u00e9n\u00e9ficiant d\u2019une image de marque forte via son nom \u00e9vocateur de son concurrent industriel bien connu et pourtant tr\u00e8s personnel (MWALLO : moelleux et local\/wallon \u2013 cube : allusion \u00e0 sa forme).<\/li><\/ul><p><em>\u00ab\u00a0Pour l\u2019anecdote, nous avions d\u00e9pos\u00e9 le nom initial de M\u00e9locube et avons \u00e9t\u00e9 contraint de le revoir par Mondelez \u2013 un brainstorming nous a permis de le renforcer en ajoutant une notion locale non n\u00e9gligeable)\u00a0\u00bb.<\/em><\/p>\t\t\t\t\t\t\t\t<\/div>\n\t\t\t\t<\/div>\n\t\t\t\t\t<\/div>\n\t\t<\/div>\n\t\t\t\t\t<\/div>\n\t\t<\/section>\n\t\t\t\t<section class=\"elementor-section elementor-top-section elementor-element elementor-element-2cadc6b elementor-section-boxed elementor-section-height-default elementor-section-height-default\" data-id=\"2cadc6b\" data-element_type=\"section\">\n\t\t\t\t\t\t<div class=\"elementor-container elementor-column-gap-default\">\n\t\t\t\t\t<div class=\"elementor-column elementor-col-33 elementor-top-column elementor-element elementor-element-9811fc8\" data-id=\"9811fc8\" data-element_type=\"column\">\n\t\t\t<div class=\"elementor-widget-wrap elementor-element-populated\">\n\t\t\t\t\t\t<div class=\"elementor-element elementor-element-6ccff8c elementor-widget elementor-widget-image\" data-id=\"6ccff8c\" data-element_type=\"widget\" data-widget_type=\"image.default\">\n\t\t\t\t<div class=\"elementor-widget-container\">\n\t\t\t\t\t\t\t\t\t\t\t\t\t\t\t<img decoding=\"async\" width=\"800\" height=\"800\" src=\"https:\/\/easyfairsassets.com\/sites\/194\/2022\/09\/AWARDS-SAV23_V2_-1024x1024.png\" class=\"attachment-large size-large wp-image-13052\" alt=\"\" srcset=\"https:\/\/easyfairsassets.com\/sites\/194\/2022\/09\/AWARDS-SAV23_V2_-1024x1024.png 1024w, https:\/\/easyfairsassets.com\/sites\/194\/2022\/09\/AWARDS-SAV23_V2_-300x300.png 300w, https:\/\/easyfairsassets.com\/sites\/194\/2022\/09\/AWARDS-SAV23_V2_-150x150.png 150w, https:\/\/easyfairsassets.com\/sites\/194\/2022\/09\/AWARDS-SAV23_V2_-768x768.png 768w, https:\/\/easyfairsassets.com\/sites\/194\/2022\/09\/AWARDS-SAV23_V2_.png 1181w\" sizes=\"(max-width: 800px) 100vw, 800px\" \/>\t\t\t\t\t\t\t\t\t\t\t\t\t\t\t<\/div>\n\t\t\t\t<\/div>\n\t\t\t\t\t<\/div>\n\t\t<\/div>\n\t\t\t\t<div class=\"elementor-column elementor-col-66 elementor-top-column elementor-element elementor-element-10a8d7c\" data-id=\"10a8d7c\" data-element_type=\"column\">\n\t\t\t<div class=\"elementor-widget-wrap elementor-element-populated\">\n\t\t\t\t\t\t<div class=\"elementor-element elementor-element-11e65e9 elementor-widget elementor-widget-text-editor\" data-id=\"11e65e9\" data-element_type=\"widget\" data-widget_type=\"text-editor.default\">\n\t\t\t\t<div class=\"elementor-widget-container\">\n\t\t\t\t\t\t\t\t\t<p>L&rsquo;Award Saveurs &amp; M\u00e9tiers 2023 a \u00e9t\u00e9 d\u00e9c\u00e9rn\u00e9 par un jury compos\u00e9 de :<\/p><ul><li>Stefan Van Rompaey (r\u00e9dacteur en chef RetailDetail et sp\u00e9cialiste en food retail)<\/li><li>Philippe Gerkens, Emmanuel Vanzeveren et R\u00e9my Muzembo (repr\u00e9sentants de Wagralim, le P\u00f4le de comp\u00e9titivit\u00e9 agroalimentaire wallon)<\/li><li>Franck Brasseur (directeur g\u00e9n\u00e9ral, Certisys)<\/li><li>Philippe Streydio (Manager de la Force des Ventes R\u00e9gionales et du Service Pr\u00e9m\u00e9dia &amp; Ordering, L\u2019Avenir)<\/li><li>Elodie Housiaux (cheffe de projet, UCM)<\/li><li>Laurine Warnon (Easyfairs Belgium, Salon Saveurs &amp; M\u00e9tiers)<\/li><\/ul>\t\t\t\t\t\t\t\t<\/div>\n\t\t\t\t<\/div>\n\t\t\t\t\t<\/div>\n\t\t<\/div>\n\t\t\t\t\t<\/div>\n\t\t<\/section>\n\t\t\t\t<section class=\"elementor-section elementor-top-section elementor-element elementor-element-70262d56 elementor-section-boxed elementor-section-height-default elementor-section-height-default elementor-invisible\" data-id=\"70262d56\" data-element_type=\"section\" data-settings=\"{&quot;background_background&quot;:&quot;classic&quot;,&quot;animation&quot;:&quot;headShake&quot;}\">\n\t\t\t\t\t\t<div class=\"elementor-container elementor-column-gap-default\">\n\t\t\t\t\t<div class=\"elementor-column elementor-col-100 elementor-top-column elementor-element elementor-element-19c96a5d\" data-id=\"19c96a5d\" data-element_type=\"column\">\n\t\t\t<div class=\"elementor-widget-wrap elementor-element-populated\">\n\t\t\t\t\t\t<div class=\"elementor-element elementor-element-8453b0 elementor-widget elementor-widget-text-editor\" data-id=\"8453b0\" data-element_type=\"widget\" data-widget_type=\"text-editor.default\">\n\t\t\t\t<div class=\"elementor-widget-container\">\n\t\t\t\t\t\t\t\t\t<h1>Plus d&rsquo;inspiration et d&rsquo;infos savoureuses d\u00e9di\u00e9es au food retail et aux m\u00e9tiers de bouche ?<\/h1>\t\t\t\t\t\t\t\t<\/div>\n\t\t\t\t<\/div>\n\t\t\t\t<div class=\"elementor-element elementor-element-3e13102e elementor-align-center elementor-widget elementor-widget-button\" data-id=\"3e13102e\" data-element_type=\"widget\" data-widget_type=\"button.default\">\n\t\t\t\t<div class=\"elementor-widget-container\">\n\t\t\t\t\t\t\t\t\t<div class=\"elementor-button-wrapper\">\n\t\t\t\t\t<a class=\"elementor-button elementor-button-link elementor-size-md\" href=\"https:\/\/www.saveurs-metiers.be\/fr\/newsletter\/\">\n\t\t\t\t\t\t<span class=\"elementor-button-content-wrapper\">\n\t\t\t\t\t\t<span class=\"elementor-button-icon\">\n\t\t\t\t<svg aria-hidden=\"true\" class=\"e-font-icon-svg e-far-envelope-open\" viewBox=\"0 0 512 512\" xmlns=\"http:\/\/www.w3.org\/2000\/svg\"><path d=\"M494.586 164.516c-4.697-3.883-111.723-89.95-135.251-108.657C337.231 38.191 299.437 0 256 0c-43.205 0-80.636 37.717-103.335 55.859-24.463 19.45-131.07 105.195-135.15 108.549A48.004 48.004 0 0 0 0 201.485V464c0 26.51 21.49 48 48 48h416c26.51 0 48-21.49 48-48V201.509a48 48 0 0 0-17.414-36.993zM464 458a6 6 0 0 1-6 6H54a6 6 0 0 1-6-6V204.347c0-1.813.816-3.526 2.226-4.665 15.87-12.814 108.793-87.554 132.364-106.293C200.755 78.88 232.398 48 256 48c23.693 0 55.857 31.369 73.41 45.389 23.573 18.741 116.503 93.493 132.366 106.316a5.99 5.99 0 0 1 2.224 4.663V458zm-31.991-187.704c4.249 5.159 3.465 12.795-1.745 16.981-28.975 23.283-59.274 47.597-70.929 56.863C336.636 362.283 299.205 400 256 400c-43.452 0-81.287-38.237-103.335-55.86-11.279-8.967-41.744-33.413-70.927-56.865-5.21-4.187-5.993-11.822-1.745-16.981l15.258-18.528c4.178-5.073 11.657-5.843 16.779-1.726 28.618 23.001 58.566 47.035 70.56 56.571C200.143 320.631 232.307 352 256 352c23.602 0 55.246-30.88 73.41-45.389 11.994-9.535 41.944-33.57 70.563-56.568 5.122-4.116 12.601-3.346 16.778 1.727l15.258 18.526z\"><\/path><\/svg>\t\t\t<\/span>\n\t\t\t\t\t\t\t\t\t<span class=\"elementor-button-text\">Inscrivez-vous \u00e0 la newsletter Saveurs &amp; M\u00e9tiers<\/span>\n\t\t\t\t\t<\/span>\n\t\t\t\t\t<\/a>\n\t\t\t\t<\/div>\n\t\t\t\t\t\t\t\t<\/div>\n\t\t\t\t<\/div>\n\t\t\t\t\t<\/div>\n\t\t<\/div>\n\t\t\t\t\t<\/div>\n\t\t<\/section>\n\t\t\t\t<\/div>\n\t\t","protected":false},"excerpt":{"rendered":"<p>Pour son \u00e9dition 2023, Saveurs &amp; M\u00e9tiers lan\u00e7ait la 1\u00e8re \u00e9dition de ses Awards, dans le but de mettre \u00e0 l&rsquo;honneur des commer\u00e7ants passionn\u00e9s et innovants dans leurs d\u00e9marches de cr\u00e9ation d&rsquo;activit\u00e9 ou de produit, de durabilit\u00e9 ou encore de d\u00e9ploiement d&rsquo;une strat\u00e9gie digitale. Le jury des Awards a d\u00e9cern\u00e9 son coup de coeur \u00e0 un lancement de produit : le MWallocube de Carr\u00e9ment bon ! D\u00e9couverte&#8230;<\/p>\n","protected":false},"author":179,"featured_media":29587,"comment_status":"closed","ping_status":"open","sticky":false,"template":"","format":"standard","meta":{"_seopress_robots_primary_cat":"none","_seopress_titles_title":"","_seopress_titles_desc":"","_seopress_robots_index":"","footnotes":""},"categories":[1],"tags":[],"edition":[],"class_list":["post-29583","post","type-post","status-publish","format-standard","has-post-thumbnail","hentry","category-non-classifiee"],"_links":{"self":[{"href":"https:\/\/www.saveurs-metiers.be\/fr\/wp-json\/wp\/v2\/posts\/29583","targetHints":{"allow":["GET"]}}],"collection":[{"href":"https:\/\/www.saveurs-metiers.be\/fr\/wp-json\/wp\/v2\/posts"}],"about":[{"href":"https:\/\/www.saveurs-metiers.be\/fr\/wp-json\/wp\/v2\/types\/post"}],"author":[{"embeddable":true,"href":"https:\/\/www.saveurs-metiers.be\/fr\/wp-json\/wp\/v2\/users\/179"}],"replies":[{"embeddable":true,"href":"https:\/\/www.saveurs-metiers.be\/fr\/wp-json\/wp\/v2\/comments?post=29583"}],"version-history":[{"count":5,"href":"https:\/\/www.saveurs-metiers.be\/fr\/wp-json\/wp\/v2\/posts\/29583\/revisions"}],"predecessor-version":[{"id":29742,"href":"https:\/\/www.saveurs-metiers.be\/fr\/wp-json\/wp\/v2\/posts\/29583\/revisions\/29742"}],"wp:featuredmedia":[{"embeddable":true,"href":"https:\/\/www.saveurs-metiers.be\/fr\/wp-json\/wp\/v2\/media\/29587"}],"wp:attachment":[{"href":"https:\/\/www.saveurs-metiers.be\/fr\/wp-json\/wp\/v2\/media?parent=29583"}],"wp:term":[{"taxonomy":"category","embeddable":true,"href":"https:\/\/www.saveurs-metiers.be\/fr\/wp-json\/wp\/v2\/categories?post=29583"},{"taxonomy":"post_tag","embeddable":true,"href":"https:\/\/www.saveurs-metiers.be\/fr\/wp-json\/wp\/v2\/tags?post=29583"},{"taxonomy":"edition","embeddable":true,"href":"https:\/\/www.saveurs-metiers.be\/fr\/wp-json\/wp\/v2\/edition?post=29583"}],"curies":[{"name":"wp","href":"https:\/\/api.w.org\/{rel}","templated":true}]}}