{"id":23026,"date":"2022-12-16T12:37:42","date_gmt":"2022-12-16T11:37:42","guid":{"rendered":"https:\/\/www.saveurs-metiers.be\/?p=23026"},"modified":"2022-12-16T12:41:47","modified_gmt":"2022-12-16T11:41:47","slug":"pourquoi-la-dinde-est-elle-la-star-des-menus-de-fin-dannee","status":"publish","type":"post","link":"https:\/\/www.saveurs-metiers.be\/fr\/pourquoi-la-dinde-est-elle-la-star-des-menus-de-fin-dannee\/","title":{"rendered":"Pourquoi la dinde est-elle la star des menus de fin d\u2019ann\u00e9e\u00a0?"},"content":{"rendered":"\t\t<div data-elementor-type=\"wp-post\" data-elementor-id=\"23026\" class=\"elementor elementor-23026\" data-elementor-post-type=\"post\">\n\t\t\t\t\t\t<section class=\"elementor-section elementor-top-section elementor-element elementor-element-2ffe197 elementor-section-boxed elementor-section-height-default elementor-section-height-default\" data-id=\"2ffe197\" data-element_type=\"section\">\n\t\t\t\t\t\t<div class=\"elementor-container elementor-column-gap-default\">\n\t\t\t\t\t<div class=\"elementor-column elementor-col-100 elementor-top-column elementor-element elementor-element-2fd21cf\" data-id=\"2fd21cf\" data-element_type=\"column\">\n\t\t\t<div class=\"elementor-widget-wrap elementor-element-populated\">\n\t\t\t\t\t\t<div class=\"elementor-element elementor-element-3a74ea7 elementor-widget elementor-widget-text-editor\" data-id=\"3a74ea7\" data-element_type=\"widget\" data-widget_type=\"text-editor.default\">\n\t\t\t\t<div class=\"elementor-widget-container\">\n\t\t\t\t\t\t\t\t\t<p>Si elle est parfois remplac\u00e9e par d\u2019autres volailles (chapon, oie, canard), la dinde reste un mets incontournable de d\u00e9cembre et se retrouve dans les rayons et comptoirs de nombreux commer\u00e7ants, avant de r\u00e9galer les convives sur les tables familiales lors du traditionnel repas de No\u00ebl. D\u2019o\u00f9 vient cette tradition ?<\/p>\t\t\t\t\t\t\t\t<\/div>\n\t\t\t\t<\/div>\n\t\t\t\t\t<\/div>\n\t\t<\/div>\n\t\t\t\t\t<\/div>\n\t\t<\/section>\n\t\t\t\t<section class=\"elementor-section elementor-top-section elementor-element elementor-element-0541643 elementor-section-boxed elementor-section-height-default elementor-section-height-default\" data-id=\"0541643\" data-element_type=\"section\">\n\t\t\t\t\t\t<div class=\"elementor-container elementor-column-gap-default\">\n\t\t\t\t\t<div class=\"elementor-column elementor-col-100 elementor-top-column elementor-element elementor-element-2d0b901\" data-id=\"2d0b901\" data-element_type=\"column\">\n\t\t\t<div class=\"elementor-widget-wrap elementor-element-populated\">\n\t\t\t\t\t\t<div class=\"elementor-element elementor-element-ca4df7c elementor-widget elementor-widget-heading\" data-id=\"ca4df7c\" data-element_type=\"widget\" data-widget_type=\"heading.default\">\n\t\t\t\t<div class=\"elementor-widget-container\">\n\t\t\t\t\t<h2 class=\"elementor-heading-title elementor-size-default\">La poule d'Inde<\/h2>\t\t\t\t<\/div>\n\t\t\t\t<\/div>\n\t\t\t\t<div class=\"elementor-element elementor-element-0f082d2 elementor-widget elementor-widget-text-editor\" data-id=\"0f082d2\" data-element_type=\"widget\" data-widget_type=\"text-editor.default\">\n\t\t\t\t<div class=\"elementor-widget-container\">\n\t\t\t\t\t\t\t\t\t<p>En d\u00e9couvrant le Nouveau Monde, Christophe Colomb a aussi fait la d\u00e9couverte de ce volatile encore inconnu en Europe. C\u2019est lui qui ram\u00e8ne donc la dinde dans nos contr\u00e9es au 15e si\u00e8cle. <br \/>Le nom \u00ab dinde \u00bb vient d\u2019ailleurs du fait qu\u2019\u00e0 l\u2019\u00e9poque Christophe Colomb pensait avoir d\u00e9couvert les Indes. C\u2019est ainsi que l\u2019oiseau a \u00e9t\u00e9 nomm\u00e9 \u00ab poule d\u2019Inde \u00bb, puis \u00ab dinde \u00bb au fil du temps.<\/p><p>Tr\u00e8s vite, la dinde et ses origines \u00ab exotiques \u00bb ont le vent en poupe. Elle est un produit de luxe qui remplace l\u2019oie ou le paon jusqu\u2019alors r\u00e9guli\u00e8rement servis aux tables de l\u2019aristocratie. <br \/>Plus grosse que le poulet, elle permet aussi de nourrir toute une tabl\u00e9e lors des festivit\u00e9s.<\/p><p>La raret\u00e9 et le prix de l&rsquo;engraissage de la dinde r\u00e9servent longtemps sa consommation aux familles les plus ais\u00e9es. Il faut attendre le 19e si\u00e8cle pour que son prix se d\u00e9mocratise suffisamment et qu\u2019elle devienne la star incontournable des tables de No\u00ebl. Dinde r\u00f4tie, dinde farcie\u2026 La tradition est maintenant bien pr\u00e9sente \u00e0 travers tout le continent europ\u00e9en, mais aussi (et surtout) en Am\u00e9rique du Nord.<\/p>\t\t\t\t\t\t\t\t<\/div>\n\t\t\t\t<\/div>\n\t\t\t\t\t<\/div>\n\t\t<\/div>\n\t\t\t\t\t<\/div>\n\t\t<\/section>\n\t\t\t\t<section class=\"elementor-section elementor-top-section elementor-element elementor-element-35a5e1a elementor-section-boxed elementor-section-height-default elementor-section-height-default elementor-invisible\" data-id=\"35a5e1a\" data-element_type=\"section\" data-settings=\"{&quot;background_background&quot;:&quot;classic&quot;,&quot;animation&quot;:&quot;headShake&quot;}\">\n\t\t\t\t\t\t<div class=\"elementor-container elementor-column-gap-default\">\n\t\t\t\t\t<div class=\"elementor-column elementor-col-100 elementor-top-column elementor-element elementor-element-778222c4\" data-id=\"778222c4\" data-element_type=\"column\">\n\t\t\t<div class=\"elementor-widget-wrap elementor-element-populated\">\n\t\t\t\t\t\t<div class=\"elementor-element elementor-element-255a040b elementor-widget elementor-widget-text-editor\" data-id=\"255a040b\" data-element_type=\"widget\" data-widget_type=\"text-editor.default\">\n\t\t\t\t<div class=\"elementor-widget-container\">\n\t\t\t\t\t\t\t\t\t<h1>Plus d&rsquo;inspiration et d&rsquo;infos savoureuses d\u00e9di\u00e9es au food retail et aux m\u00e9tiers de bouche ?<\/h1>\t\t\t\t\t\t\t\t<\/div>\n\t\t\t\t<\/div>\n\t\t\t\t<div class=\"elementor-element elementor-element-220af0be elementor-align-center elementor-widget elementor-widget-button\" data-id=\"220af0be\" data-element_type=\"widget\" data-widget_type=\"button.default\">\n\t\t\t\t<div class=\"elementor-widget-container\">\n\t\t\t\t\t\t\t\t\t<div class=\"elementor-button-wrapper\">\n\t\t\t\t\t<a class=\"elementor-button elementor-button-link elementor-size-md\" href=\"https:\/\/www.saveurs-metiers.be\/fr\/newsletter\/\">\n\t\t\t\t\t\t<span class=\"elementor-button-content-wrapper\">\n\t\t\t\t\t\t<span class=\"elementor-button-icon\">\n\t\t\t\t<svg aria-hidden=\"true\" class=\"e-font-icon-svg e-far-envelope-open\" viewBox=\"0 0 512 512\" xmlns=\"http:\/\/www.w3.org\/2000\/svg\"><path d=\"M494.586 164.516c-4.697-3.883-111.723-89.95-135.251-108.657C337.231 38.191 299.437 0 256 0c-43.205 0-80.636 37.717-103.335 55.859-24.463 19.45-131.07 105.195-135.15 108.549A48.004 48.004 0 0 0 0 201.485V464c0 26.51 21.49 48 48 48h416c26.51 0 48-21.49 48-48V201.509a48 48 0 0 0-17.414-36.993zM464 458a6 6 0 0 1-6 6H54a6 6 0 0 1-6-6V204.347c0-1.813.816-3.526 2.226-4.665 15.87-12.814 108.793-87.554 132.364-106.293C200.755 78.88 232.398 48 256 48c23.693 0 55.857 31.369 73.41 45.389 23.573 18.741 116.503 93.493 132.366 106.316a5.99 5.99 0 0 1 2.224 4.663V458zm-31.991-187.704c4.249 5.159 3.465 12.795-1.745 16.981-28.975 23.283-59.274 47.597-70.929 56.863C336.636 362.283 299.205 400 256 400c-43.452 0-81.287-38.237-103.335-55.86-11.279-8.967-41.744-33.413-70.927-56.865-5.21-4.187-5.993-11.822-1.745-16.981l15.258-18.528c4.178-5.073 11.657-5.843 16.779-1.726 28.618 23.001 58.566 47.035 70.56 56.571C200.143 320.631 232.307 352 256 352c23.602 0 55.246-30.88 73.41-45.389 11.994-9.535 41.944-33.57 70.563-56.568 5.122-4.116 12.601-3.346 16.778 1.727l15.258 18.526z\"><\/path><\/svg>\t\t\t<\/span>\n\t\t\t\t\t\t\t\t\t<span class=\"elementor-button-text\">Inscrivez-vous \u00e0 la newsletter Saveurs &amp; M\u00e9tiers<\/span>\n\t\t\t\t\t<\/span>\n\t\t\t\t\t<\/a>\n\t\t\t\t<\/div>\n\t\t\t\t\t\t\t\t<\/div>\n\t\t\t\t<\/div>\n\t\t\t\t\t<\/div>\n\t\t<\/div>\n\t\t\t\t\t<\/div>\n\t\t<\/section>\n\t\t\t\t<\/div>\n\t\t","protected":false},"excerpt":{"rendered":"<p>Si elle est parfois remplac\u00e9e par d\u2019autres volailles (chapon, oie, canard), la dinde reste un mets incontournable de d\u00e9cembre et se retrouve dans les rayons et comptoirs de nombreux commer\u00e7ants, avant de r\u00e9galer les convives sur les tables familiales lors du traditionnel repas de No\u00ebl. D\u2019o\u00f9 vient cette tradition ?<\/p>\n","protected":false},"author":179,"featured_media":23028,"comment_status":"closed","ping_status":"open","sticky":false,"template":"","format":"standard","meta":{"_seopress_robots_primary_cat":"none","_seopress_titles_title":"","_seopress_titles_desc":"","_seopress_robots_index":"","footnotes":""},"categories":[1],"tags":[],"edition":[],"class_list":["post-23026","post","type-post","status-publish","format-standard","has-post-thumbnail","hentry","category-non-classifiee"],"_links":{"self":[{"href":"https:\/\/www.saveurs-metiers.be\/fr\/wp-json\/wp\/v2\/posts\/23026","targetHints":{"allow":["GET"]}}],"collection":[{"href":"https:\/\/www.saveurs-metiers.be\/fr\/wp-json\/wp\/v2\/posts"}],"about":[{"href":"https:\/\/www.saveurs-metiers.be\/fr\/wp-json\/wp\/v2\/types\/post"}],"author":[{"embeddable":true,"href":"https:\/\/www.saveurs-metiers.be\/fr\/wp-json\/wp\/v2\/users\/179"}],"replies":[{"embeddable":true,"href":"https:\/\/www.saveurs-metiers.be\/fr\/wp-json\/wp\/v2\/comments?post=23026"}],"version-history":[{"count":5,"href":"https:\/\/www.saveurs-metiers.be\/fr\/wp-json\/wp\/v2\/posts\/23026\/revisions"}],"predecessor-version":[{"id":23039,"href":"https:\/\/www.saveurs-metiers.be\/fr\/wp-json\/wp\/v2\/posts\/23026\/revisions\/23039"}],"wp:featuredmedia":[{"embeddable":true,"href":"https:\/\/www.saveurs-metiers.be\/fr\/wp-json\/wp\/v2\/media\/23028"}],"wp:attachment":[{"href":"https:\/\/www.saveurs-metiers.be\/fr\/wp-json\/wp\/v2\/media?parent=23026"}],"wp:term":[{"taxonomy":"category","embeddable":true,"href":"https:\/\/www.saveurs-metiers.be\/fr\/wp-json\/wp\/v2\/categories?post=23026"},{"taxonomy":"post_tag","embeddable":true,"href":"https:\/\/www.saveurs-metiers.be\/fr\/wp-json\/wp\/v2\/tags?post=23026"},{"taxonomy":"edition","embeddable":true,"href":"https:\/\/www.saveurs-metiers.be\/fr\/wp-json\/wp\/v2\/edition?post=23026"}],"curies":[{"name":"wp","href":"https:\/\/api.w.org\/{rel}","templated":true}]}}