{"id":18140,"date":"2022-11-29T16:39:28","date_gmt":"2022-11-29T15:39:28","guid":{"rendered":"https:\/\/www.saveurs-metiers.be\/?p=18140"},"modified":"2022-11-29T16:40:01","modified_gmt":"2022-11-29T15:40:01","slug":"fin-du-plastique-a-usage-unique-bientot-de-nouveaux-produits-concernes","status":"publish","type":"post","link":"https:\/\/www.saveurs-metiers.be\/fr\/fin-du-plastique-a-usage-unique-bientot-de-nouveaux-produits-concernes\/","title":{"rendered":"Fin du plastique \u00e0 usage unique : bient\u00f4t de nouveaux produits concern\u00e9s ?"},"content":{"rendered":"\t\t<div data-elementor-type=\"wp-post\" data-elementor-id=\"18140\" class=\"elementor elementor-18140\" data-elementor-post-type=\"post\">\n\t\t\t\t\t\t<section class=\"elementor-section elementor-top-section elementor-element elementor-element-4721227 elementor-section-boxed elementor-section-height-default elementor-section-height-default\" data-id=\"4721227\" data-element_type=\"section\">\n\t\t\t\t\t\t<div class=\"elementor-container elementor-column-gap-default\">\n\t\t\t\t\t<div class=\"elementor-column elementor-col-100 elementor-top-column elementor-element elementor-element-19b7bc3\" data-id=\"19b7bc3\" data-element_type=\"column\">\n\t\t\t<div class=\"elementor-widget-wrap elementor-element-populated\">\n\t\t\t\t\t\t<div class=\"elementor-element elementor-element-30bb3ed elementor-widget elementor-widget-text-editor\" data-id=\"30bb3ed\" data-element_type=\"widget\" data-widget_type=\"text-editor.default\">\n\t\t\t\t<div class=\"elementor-widget-container\">\n\t\t\t\t\t\t\t\t\t<p>D\u2019ici 2026, la directive europ\u00e9enne \u00ab Single Use Plastic \u00bb invite \u00e0 r\u00e9duire drastiquement l\u2019utilisation du plastique \u00e0 usage unique.<\/p><p>En septembre 2021, le gouvernement f\u00e9d\u00e9ral belge entamait la transposition de cette directive en introduisant une interdiction progressive. D\u00e9but 2022, la vente d\u2019assiettes et de couverts jetables en plastique a ainsi \u00e9t\u00e9 interdite. Et \u00e0 partir du 17 janvier 2023, ce sera au tour de certains sacs et gobelets.<\/p><p>La liste des produits concern\u00e9s pourrait encore s\u2019\u00e9toffer prochainement puisque la ministre f\u00e9d\u00e9rale de l\u2019Environnement a entam\u00e9 fin novembre une s\u00e9rie de consultations qui d\u00e9boucheront sur de nouvelles propositions visant \u00e0 interdire davantage de produits en plastique \u00e0 usage unique dont nous pouvons ais\u00e9ment nous passer ou qui peuvent trouver une alternative r\u00e9utilisable.<\/p><p>Parmi les produits cibl\u00e9s, on retrouve les plateaux et contenants en plastique utilis\u00e9s en restauration sur place ou \u00e0 emporter, mais aussi les emballages en plastique pour fruits et l\u00e9gumes ou encore les les autocollants sur les fruits et l\u00e9gumes. Les sachets de th\u00e9 en plastique, les capsules de caf\u00e9 non compostables sont \u00e9galement en ligne de mire. <\/p>\t\t\t\t\t\t\t\t<\/div>\n\t\t\t\t<\/div>\n\t\t\t\t\t<\/div>\n\t\t<\/div>\n\t\t\t\t\t<\/div>\n\t\t<\/section>\n\t\t\t\t<section class=\"elementor-section elementor-top-section elementor-element elementor-element-9d3a849 elementor-section-boxed elementor-section-height-default elementor-section-height-default\" data-id=\"9d3a849\" data-element_type=\"section\">\n\t\t\t\t\t\t<div class=\"elementor-container elementor-column-gap-default\">\n\t\t\t\t\t<div class=\"elementor-column elementor-col-100 elementor-top-column elementor-element elementor-element-a375d5a\" data-id=\"a375d5a\" data-element_type=\"column\">\n\t\t\t<div class=\"elementor-widget-wrap elementor-element-populated\">\n\t\t\t\t\t\t<div class=\"elementor-element elementor-element-2835dc2 elementor-widget elementor-widget-text-editor\" data-id=\"2835dc2\" data-element_type=\"widget\" data-widget_type=\"text-editor.default\">\n\t\t\t\t<div class=\"elementor-widget-container\">\n\t\t\t\t\t\t\t\t\t<p>Source : <a href=\"https:\/\/www.gondola.be\/fr\/news\/plastique-usage-unique-plusieurs-produits-en-sursis\" target=\"_blank\" rel=\"noopener\">Gondola.be<\/a><\/p>\t\t\t\t\t\t\t\t<\/div>\n\t\t\t\t<\/div>\n\t\t\t\t\t<\/div>\n\t\t<\/div>\n\t\t\t\t\t<\/div>\n\t\t<\/section>\n\t\t\t\t<section class=\"elementor-section elementor-top-section elementor-element elementor-element-2212dd19 elementor-section-boxed elementor-section-height-default elementor-section-height-default elementor-invisible\" data-id=\"2212dd19\" data-element_type=\"section\" data-settings=\"{&quot;background_background&quot;:&quot;classic&quot;,&quot;animation&quot;:&quot;headShake&quot;}\">\n\t\t\t\t\t\t<div class=\"elementor-container elementor-column-gap-default\">\n\t\t\t\t\t<div class=\"elementor-column elementor-col-100 elementor-top-column elementor-element elementor-element-533ab6e5\" data-id=\"533ab6e5\" data-element_type=\"column\">\n\t\t\t<div class=\"elementor-widget-wrap elementor-element-populated\">\n\t\t\t\t\t\t<div class=\"elementor-element elementor-element-32d90d3b elementor-widget elementor-widget-text-editor\" data-id=\"32d90d3b\" data-element_type=\"widget\" data-widget_type=\"text-editor.default\">\n\t\t\t\t<div class=\"elementor-widget-container\">\n\t\t\t\t\t\t\t\t\t<h1>Plus d&rsquo;inspiration et d&rsquo;infos savoureuses d\u00e9di\u00e9es au food retail et aux m\u00e9tiers de bouche ?<\/h1>\t\t\t\t\t\t\t\t<\/div>\n\t\t\t\t<\/div>\n\t\t\t\t<div class=\"elementor-element elementor-element-7a9c55f elementor-align-center elementor-widget elementor-widget-button\" data-id=\"7a9c55f\" data-element_type=\"widget\" data-widget_type=\"button.default\">\n\t\t\t\t<div class=\"elementor-widget-container\">\n\t\t\t\t\t\t\t\t\t<div class=\"elementor-button-wrapper\">\n\t\t\t\t\t<a class=\"elementor-button elementor-button-link elementor-size-md\" href=\"https:\/\/www.saveurs-metiers.be\/fr\/newsletter\/\">\n\t\t\t\t\t\t<span class=\"elementor-button-content-wrapper\">\n\t\t\t\t\t\t<span class=\"elementor-button-icon\">\n\t\t\t\t<svg aria-hidden=\"true\" class=\"e-font-icon-svg e-far-envelope-open\" viewBox=\"0 0 512 512\" xmlns=\"http:\/\/www.w3.org\/2000\/svg\"><path d=\"M494.586 164.516c-4.697-3.883-111.723-89.95-135.251-108.657C337.231 38.191 299.437 0 256 0c-43.205 0-80.636 37.717-103.335 55.859-24.463 19.45-131.07 105.195-135.15 108.549A48.004 48.004 0 0 0 0 201.485V464c0 26.51 21.49 48 48 48h416c26.51 0 48-21.49 48-48V201.509a48 48 0 0 0-17.414-36.993zM464 458a6 6 0 0 1-6 6H54a6 6 0 0 1-6-6V204.347c0-1.813.816-3.526 2.226-4.665 15.87-12.814 108.793-87.554 132.364-106.293C200.755 78.88 232.398 48 256 48c23.693 0 55.857 31.369 73.41 45.389 23.573 18.741 116.503 93.493 132.366 106.316a5.99 5.99 0 0 1 2.224 4.663V458zm-31.991-187.704c4.249 5.159 3.465 12.795-1.745 16.981-28.975 23.283-59.274 47.597-70.929 56.863C336.636 362.283 299.205 400 256 400c-43.452 0-81.287-38.237-103.335-55.86-11.279-8.967-41.744-33.413-70.927-56.865-5.21-4.187-5.993-11.822-1.745-16.981l15.258-18.528c4.178-5.073 11.657-5.843 16.779-1.726 28.618 23.001 58.566 47.035 70.56 56.571C200.143 320.631 232.307 352 256 352c23.602 0 55.246-30.88 73.41-45.389 11.994-9.535 41.944-33.57 70.563-56.568 5.122-4.116 12.601-3.346 16.778 1.727l15.258 18.526z\"><\/path><\/svg>\t\t\t<\/span>\n\t\t\t\t\t\t\t\t\t<span class=\"elementor-button-text\">Inscrivez-vous \u00e0 la newsletter Saveurs &amp; M\u00e9tiers<\/span>\n\t\t\t\t\t<\/span>\n\t\t\t\t\t<\/a>\n\t\t\t\t<\/div>\n\t\t\t\t\t\t\t\t<\/div>\n\t\t\t\t<\/div>\n\t\t\t\t\t<\/div>\n\t\t<\/div>\n\t\t\t\t\t<\/div>\n\t\t<\/section>\n\t\t\t\t<\/div>\n\t\t","protected":false},"excerpt":{"rendered":"<p>D\u2019ici 2026, la directive europ\u00e9enne \u00ab Single Use Plastic \u00bb invite \u00e0 r\u00e9duire drastiquement l\u2019utilisation du plastique \u00e0 usage unique.<br \/>\nD\u00e9but 2022, la vente d\u2019assiettes et de couverts jetables en plastique a ainsi \u00e9t\u00e9 interdite en Belgique. A partir du 17 janvier 2023, ce sera au tour de certains sacs et gobelets. La liste des produits concern\u00e9s pourrait encore s\u2019\u00e9toffer prochainement&#8230;<\/p>\n","protected":false},"author":179,"featured_media":18257,"comment_status":"closed","ping_status":"open","sticky":false,"template":"","format":"standard","meta":{"_seopress_robots_primary_cat":"none","_seopress_titles_title":"","_seopress_titles_desc":"","_seopress_robots_index":"","footnotes":""},"categories":[1],"tags":[],"edition":[],"class_list":["post-18140","post","type-post","status-publish","format-standard","has-post-thumbnail","hentry","category-non-classifiee"],"_links":{"self":[{"href":"https:\/\/www.saveurs-metiers.be\/fr\/wp-json\/wp\/v2\/posts\/18140","targetHints":{"allow":["GET"]}}],"collection":[{"href":"https:\/\/www.saveurs-metiers.be\/fr\/wp-json\/wp\/v2\/posts"}],"about":[{"href":"https:\/\/www.saveurs-metiers.be\/fr\/wp-json\/wp\/v2\/types\/post"}],"author":[{"embeddable":true,"href":"https:\/\/www.saveurs-metiers.be\/fr\/wp-json\/wp\/v2\/users\/179"}],"replies":[{"embeddable":true,"href":"https:\/\/www.saveurs-metiers.be\/fr\/wp-json\/wp\/v2\/comments?post=18140"}],"version-history":[{"count":5,"href":"https:\/\/www.saveurs-metiers.be\/fr\/wp-json\/wp\/v2\/posts\/18140\/revisions"}],"predecessor-version":[{"id":18262,"href":"https:\/\/www.saveurs-metiers.be\/fr\/wp-json\/wp\/v2\/posts\/18140\/revisions\/18262"}],"wp:featuredmedia":[{"embeddable":true,"href":"https:\/\/www.saveurs-metiers.be\/fr\/wp-json\/wp\/v2\/media\/18257"}],"wp:attachment":[{"href":"https:\/\/www.saveurs-metiers.be\/fr\/wp-json\/wp\/v2\/media?parent=18140"}],"wp:term":[{"taxonomy":"category","embeddable":true,"href":"https:\/\/www.saveurs-metiers.be\/fr\/wp-json\/wp\/v2\/categories?post=18140"},{"taxonomy":"post_tag","embeddable":true,"href":"https:\/\/www.saveurs-metiers.be\/fr\/wp-json\/wp\/v2\/tags?post=18140"},{"taxonomy":"edition","embeddable":true,"href":"https:\/\/www.saveurs-metiers.be\/fr\/wp-json\/wp\/v2\/edition?post=18140"}],"curies":[{"name":"wp","href":"https:\/\/api.w.org\/{rel}","templated":true}]}}